{"id":911,"date":"2012-02-22T03:03:15","date_gmt":"2012-02-22T01:03:15","guid":{"rendered":"http:\/\/www.pinostrano.it\/blog\/?p=911"},"modified":"2012-05-26T22:02:47","modified_gmt":"2012-05-26T20:02:47","slug":"roma-comune-roma-capitale","status":"publish","type":"post","link":"https:\/\/www.pinostrano.it\/blog\/roma-comune-roma-capitale\/","title":{"rendered":"Roma comune. Roma capitale."},"content":{"rendered":"<p style=\"text-align: justify;\"><img loading=\"lazy\" decoding=\"async\" class=\"alignright\" style=\"margin-left: 10px; margin-right: 10px;\" src=\"http:\/\/www.hotelcasatranoiroma.com\/upload\/img\/zone\/Hotel-Romas-piazza-venezia.jpg\" alt=\"\" width=\"400\" height=\"300\" \/>A parte l&#8217;enorme stupidaggine dello slogan &lt;Roma ladrona&gt; esiste un problema reale: roma comune o roma capitale.<br \/>\nE&#8217; come dire: citt\u00e0 tra le citt\u00e0 con pari dignit\u00e0, o capitale, cio\u00e8 per definizione citt\u00e0 pi\u00f9 importante delle altre.<\/p>\n<p style=\"text-align: justify;\">Tutto dipende da come misuri l&#8217;importanza.<br \/>\nPer certi versi potrebbe anche essere inevitabile e, in fondo logico che lo sia. Dico la capitale. Pi\u00f9 importante delle altre perch\u00e8 luogo deputato alle riunioni fisiche dei rappresentanti del popolo. E altri annessi e connessi. Ma per definizione, appunto. Non per diritto divino. Per scelta, inevitabilmente arbitraria. In democrazia anche la capitale potrebbe essere oggetto di decisione democratica. Come qualsiasi altra decisione in merito alle regole generali (diciamo costituzionali), e particolari di &#8220;governo&#8221;.<\/p>\n<p style=\"text-align: justify;\"><!--more-->E tuttavia il concetto di capitale \u00e8 verticistico.<br \/>\nSembrerebbe.<br \/>\nMa \u00e8 veramente cos\u00ec?<br \/>\nDirei tendenzialmente si.<br \/>\nPure con le dovute accortezze di non considerare un albero logico a sviluppo verticale convergente indebitamente pregno della qualit\u00e0 piramidale, la concentrazione di <em>potere<\/em> \u00e8 sempre qualcosa da trattare con le molle.<br \/>\nAnche se la concentrazione di <em>pote<\/em><a href=\"http:\/\/www.pinostrano.it\/blog\/wp-content\/uploads\/2012\/02\/Ladroni_casa_Nostra50.jpg\"><img loading=\"lazy\" decoding=\"async\" class=\"alignleft  wp-image-917\" style=\"margin-left: 10px; margin-right: 10px;\" title=\"Ladroni_casa_Nostra50\" src=\"http:\/\/www.pinostrano.it\/blog\/wp-content\/uploads\/2012\/02\/Ladroni_casa_Nostra50-211x300.jpg\" alt=\"\" width=\"211\" height=\"300\" srcset=\"https:\/\/www.pinostrano.it\/blog\/wp-content\/uploads\/2012\/02\/Ladroni_casa_Nostra50-211x300.jpg 211w, https:\/\/www.pinostrano.it\/blog\/wp-content\/uploads\/2012\/02\/Ladroni_casa_Nostra50.jpg 413w\" sizes=\"auto, (max-width: 211px) 100vw, 211px\" \/><\/a><em>re<\/em> non \u00e8 un male in s\u00e8. Ciascuno di noi di fatto \u00e8 un punto di accumulazione di <em>potere<\/em>. Se non lo fosse non esisterebbe. E&#8217; la concentrazione del <em>potere<\/em> di tutti nelle mani di pochi, il problema.<br \/>\nCi sono molte forme di potere. Il potere politico, in democrazia, non dovrebbe essere concentrato nelle mani di pochi, ma in certi momenti e per certi scopi pu\u00f2 anche concentrarsi in qualche parte dello spazio tempo. Anche alla portata di un solo individuo. Finch\u00e8 in qualche modo per\u00f2 resta sotto il controllo decisivo di tutti. Solo cos\u00ec si pu\u00f2 ancora parlare di democrazia.<\/p>\n<p style=\"text-align: justify;\">Nello specifico. per me. pragmaticamente, una capitale ci deve essere e Roma mi sta bene come Capitale. Chi non gradisce questo proceda a indire un referendum per stabilire un altra capitale dello stato italiano.<br \/>\nNon si pu\u00f2? Non esiste il referendum deliberativo di leggi costituzionali? Dico la possibilit\u00e0 di fare leggi su iniziativa del popolo e decise dal popolo.<br \/>\nForse allora \u00e8 questo il vero problema.<\/p>\n<p style=\"text-align: justify;\">Allora chi vuole la Padania, potrebbe anche chiederla, e, per me certamente, conseguentemente perdere il referendum e cos\u00ec smetterla di rompere con false soluzioni a problemi veri ma travisati.<br \/>\nQuando anche attraverso il centralismo della Lega si ottenesse la secessione della Padania, si sarebbe solo trasferito il centralismo di Roma e dell&#8217;Italia unita nei centralismi dell&#8217;Italia divisa. Forse se tornassimo all&#8217;et\u00e0 dei comuni, al centralismo comunale, questo potrebbe somigliare a un avvicinamento al popolo del governo. Solo in questo caso direi estremo (un italia che passa dall&#8217;essere stato unitario a federazione di stati citt\u00e0) posso ipotizzare un qualche miglioramento della situazione col centralismo cittadino in confronto ai danni fatti dal centralismo statale. Ma non \u00e8 certo il migliore dei mondi istituzionali possibili. E soprattutto irrealistico (nella sua forma di citt\u00e0-nazione). Quindi un livello superiore, anzi pi\u00f9 livelli superiori sono inevitabili. E a ben guardare possono anche essercene di utili.<img loading=\"lazy\" decoding=\"async\" class=\"alignright\" style=\"margin-left: 10px; margin-right: 10px;\" src=\"http:\/\/t1.gstatic.com\/images?q=tbn:ANd9GcTfKnm517JZ4eepDm9TWaxf4r-XqFGz5XZriLrVKmxvYBXSDmAQhHftlCuc\" alt=\"\" width=\"275\" height=\"183\" \/><br \/>\nRagione per cui il meccansimo secessivo, di per s\u00e8, \u00e8 piuttosto scollegato dalla soluzione del problema della gestione del potere e del controllo del potere inevitabilmente concentrato.<\/p>\n<p style=\"text-align: justify;\">La vera soluzione sta nel pieno dispiegarsi della democrazia (diretta) che si\u00a0 misurer\u00e0 con la capacit\u00e0 di trovare metodi che consentano a ogni membro del popolo di esercitare la propria porzione di sovranit\u00e0 su quel potere concentrato. Ogni sistema che si dice democratico deve confrontarsi con questo problema.<\/p>\n<p style=\"text-align: justify;\">La possibilit\u00e0 di esercitare il diritto al referendum deliberativo \u00e8 il minimo che un popolo deve avere\u00a0 in una democrazia. La differenza tra essere sudditi e essere sovrani.<\/p>\n","protected":false},"excerpt":{"rendered":"<p>Centralismo e concentrazione di potere non sono la stessa cosa. La secessione \u00e8 un diritto, ma non risolve alcun problema rispetto ai danni del centralismo come metodo di gestione del potere concentrato nelle mani di pochi.<\/p>\n","protected":false},"author":1,"featured_media":0,"comment_status":"open","ping_status":"open","sticky":false,"template":"","format":"standard","meta":{"footnotes":""},"categories":[3,4],"tags":[68,67,19,6,66],"class_list":["post-911","post","type-post","status-publish","format-standard","hentry","category-generica","category-politica","tag-centralismo","tag-concentrazione-di-potere","tag-democrazia","tag-democrazia-diretta","tag-secessione","category-3-id","category-4-id","post-seq-1","post-parity-odd","meta-position-corners","fix"],"jetpack_featured_media_url":"","_links":{"self":[{"href":"https:\/\/www.pinostrano.it\/blog\/wp-json\/wp\/v2\/posts\/911","targetHints":{"allow":["GET"]}}],"collection":[{"href":"https:\/\/www.pinostrano.it\/blog\/wp-json\/wp\/v2\/posts"}],"about":[{"href":"https:\/\/www.pinostrano.it\/blog\/wp-json\/wp\/v2\/types\/post"}],"author":[{"embeddable":true,"href":"https:\/\/www.pinostrano.it\/blog\/wp-json\/wp\/v2\/users\/1"}],"replies":[{"embeddable":true,"href":"https:\/\/www.pinostrano.it\/blog\/wp-json\/wp\/v2\/comments?post=911"}],"version-history":[{"count":10,"href":"https:\/\/www.pinostrano.it\/blog\/wp-json\/wp\/v2\/posts\/911\/revisions"}],"predecessor-version":[{"id":971,"href":"https:\/\/www.pinostrano.it\/blog\/wp-json\/wp\/v2\/posts\/911\/revisions\/971"}],"wp:attachment":[{"href":"https:\/\/www.pinostrano.it\/blog\/wp-json\/wp\/v2\/media?parent=911"}],"wp:term":[{"taxonomy":"category","embeddable":true,"href":"https:\/\/www.pinostrano.it\/blog\/wp-json\/wp\/v2\/categories?post=911"},{"taxonomy":"post_tag","embeddable":true,"href":"https:\/\/www.pinostrano.it\/blog\/wp-json\/wp\/v2\/tags?post=911"}],"curies":[{"name":"wp","href":"https:\/\/api.w.org\/{rel}","templated":true}]}}