{"id":863,"date":"2011-10-18T02:09:55","date_gmt":"2011-10-18T00:09:55","guid":{"rendered":"http:\/\/www.pinostrano.it\/blog\/?p=863"},"modified":"2012-03-26T19:52:29","modified_gmt":"2012-03-26T17:52:29","slug":"assemblea-a-santa-croce-del-16-10-11","status":"publish","type":"post","link":"https:\/\/www.pinostrano.it\/blog\/assemblea-a-santa-croce-del-16-10-11\/","title":{"rendered":"Assemblea &#8220;indignati&#8221; a santa croce del 16-10-11"},"content":{"rendered":"<p style=\"text-align: justify;\"><a href=\"http:\/\/www.pinostrano.it\/blog\/wp-content\/uploads\/2011\/10\/Azienda0179-e1318892488271.jpg\"><img loading=\"lazy\" decoding=\"async\" class=\"alignleft size-medium wp-image-866\" style=\"margin: 10px;\" title=\"Assemblea del 16-10-11:3\" src=\"http:\/\/www.pinostrano.it\/blog\/wp-content\/uploads\/2011\/10\/Azienda0179-e1318892488271-225x300.jpg\" alt=\"\" width=\"225\" height=\"300\" srcset=\"https:\/\/www.pinostrano.it\/blog\/wp-content\/uploads\/2011\/10\/Azienda0179-e1318892488271-225x300.jpg 225w, https:\/\/www.pinostrano.it\/blog\/wp-content\/uploads\/2011\/10\/Azienda0179-e1318892488271.jpg 480w\" sizes=\"auto, (max-width: 225px) 100vw, 225px\" \/><\/a>Ringrazio le mie nipoti venute da Catania per la manifestazione, che mi hanno tirato fuori dal mio guscio di delusione e tristezza personale e politica del sabato pomeriggio e mi hanno fatto ricordare che avevo voglia-bisogno di incontrare le persone, che ho sentito amiche, come compagni di strada, anzi di piazza. Anche se io in piazza ci sono stato pochissimo, in confronto agli eroi che la occupano, sento che loro sono l\u00ec anche per me. E qualcuno potr\u00e0 continuare a stare l\u00ec se ci saranno molti altri che come me, pur non dormendoci, e anche partecipando poco fisicamente, \u00e8 con loro. Pure con quel poco.<!--more--><br \/>\nNon ci sono molte speranze, ma la non violenza, credo oggi sia un faro. Ma, per quel poco che ne riesco a concepire, non solo ci vuole molto rispetto, ma anche organizzazione. La non violenza di massa va pensata. alcune regole dovrebbero emergere, rapidamente condivise. Per calmare il clima.<br \/>\nQualcuna l&#8217;ho sentita e mi sembra buona. Per esempio: Se si crede ci sia un rischio di scontro il corteo non deve neanche partire. Ci si siede tutti per terra in silenzio.<\/p>\n<p style=\"text-align: justify;\"><a href=\"http:\/\/www.pinostrano.it\/blog\/wp-content\/uploads\/2011\/10\/Azienda0180.jpg\"><img loading=\"lazy\" decoding=\"async\" class=\"alignright\" title=\"Assemblea del 16-10-11:2\" src=\"http:\/\/www.pinostrano.it\/blog\/wp-content\/uploads\/2011\/10\/Azienda0180-300x225.jpg\" alt=\"\" width=\"300\" height=\"225\" \/><\/a><span class=\"Apple-style-span\" style=\"color: #000000; -webkit-text-decorations-in-effect: none;\">Sar\u00e0, un gadget, ma mi piace molto \u00a0il modo con cui si manifesta consenso verso l&#8217;interlocutore: sfarfallando roteando \u00a0le mani, invece di applaudire o gridare bene, evviva. Il consenso si vede, ma non c&#8217;\u00e8 rumore e chi parla pu\u00f2 continuare a parlare senza interrompersi, per l&#8217;applauso.\u00a0<\/span>Ma mi piace soprattutto perch\u00e8 si mantiene il silenzio, l&#8217;ascolto. Il clamore e le grida non servono. Non sono vietate ma se stai li, e vedi capisci che c&#8217;\u00e8 molta pi\u00f9 soddisfazione nell&#8217;agitare le mani, e nel vedere quel frullare ondivago che accompagna gli interventi. Si pu\u00f2 dire molto di pi\u00f9 e pi\u00f9 spesso che con gli applausi. Anche come segnale che ricorda che si sta cercando un modo nuovo di vivere e fare la politica. E poi ho sentito molte voci, che esprimevano un concetto della democrazia, cos\u00ec come deve essere.\u00a0Democrazia diretta, dove ciascuno se vuole pu\u00f2 prendersi la sua responsabilit\u00e0 nel proporre, nel dialogare e cercare il consenso, nel decidere in prima persona, e non ne \u00e8 impedito dall&#8217;assurdo concetto di rappresentanza obbligatoria.<\/p>\n<p style=\"text-align: justify;\"><a href=\"http:\/\/www.pinostrano.it\/blog\/wp-content\/uploads\/2011\/10\/Azienda0182.jpg\"><img loading=\"lazy\" decoding=\"async\" class=\"alignleft\" style=\"margin: 10px;\" title=\"Assemblea111016\" src=\"http:\/\/www.pinostrano.it\/blog\/wp-content\/uploads\/2011\/10\/Azienda0182-300x225.jpg\" alt=\"\" width=\"300\" height=\"225\" \/><\/a><\/p>\n<p style=\"text-align: justify;\">Sento che oggi la democrazia, proprio come la intendo io, sta l\u00ec.<\/p>\n<p style=\"text-align: justify;\">Sta nella capacit\u00e0 che abbiamo anche noi che non stiamo li, fisicamente, di sentirci l\u00ec con le menti e i cuori. Non tutti possono fare gli eroi che stanno li 24 ore al giorno. \u00a0Ma ogni contributo di tempo, di presenza, di cibo, di denaro, acqua, tende, sacchi a pelo qualsiasi cosa sia necessaria, anche piccola che saremo in grado di dare pu\u00f2 fare la differenza.<\/p>\n<p style=\"text-align: justify;\">Non so dove arriveranno. Non so dove arriveremo. Ma per la prima volta in tanti anni ho sentito che la democrazia diretta non era pi\u00f9 solo un desiderio. E&#8217; l\u00ec. Praticata e non predicata. \u00a0Teniamo accesa quella luce; ogni giorno in pi\u00f9 \u00e8 un passo avanti per la democrazia<\/p>\n<p>&nbsp;<\/p>\n<p>&nbsp;<\/p>\n","protected":false},"excerpt":{"rendered":"<p>Ringrazio le mie nipoti venute da Catania per la manifestazione, che mi hanno tirato fuori dal mio guscio di delusione e tristezza personale e politica del sabato pomeriggio e mi hanno fatto ricordare che avevo voglia-bisogno di incontrare le persone, che ho sentito amiche, come compagni di strada, anzi di piazza. Anche se io in <a href='https:\/\/www.pinostrano.it\/blog\/assemblea-a-santa-croce-del-16-10-11\/' class='excerpt-more'>[&#8230;]<\/a><\/p>\n","protected":false},"author":1,"featured_media":0,"comment_status":"open","ping_status":"open","sticky":false,"template":"","format":"standard","meta":{"footnotes":""},"categories":[3,40,4],"tags":[6,65],"class_list":["post-863","post","type-post","status-publish","format-standard","hentry","category-generica","category-personale","category-politica","tag-democrazia-diretta","tag-indignati","category-3-id","category-40-id","category-4-id","post-seq-1","post-parity-odd","meta-position-corners","fix"],"jetpack_featured_media_url":"","_links":{"self":[{"href":"https:\/\/www.pinostrano.it\/blog\/wp-json\/wp\/v2\/posts\/863","targetHints":{"allow":["GET"]}}],"collection":[{"href":"https:\/\/www.pinostrano.it\/blog\/wp-json\/wp\/v2\/posts"}],"about":[{"href":"https:\/\/www.pinostrano.it\/blog\/wp-json\/wp\/v2\/types\/post"}],"author":[{"embeddable":true,"href":"https:\/\/www.pinostrano.it\/blog\/wp-json\/wp\/v2\/users\/1"}],"replies":[{"embeddable":true,"href":"https:\/\/www.pinostrano.it\/blog\/wp-json\/wp\/v2\/comments?post=863"}],"version-history":[{"count":9,"href":"https:\/\/www.pinostrano.it\/blog\/wp-json\/wp\/v2\/posts\/863\/revisions"}],"predecessor-version":[{"id":870,"href":"https:\/\/www.pinostrano.it\/blog\/wp-json\/wp\/v2\/posts\/863\/revisions\/870"}],"wp:attachment":[{"href":"https:\/\/www.pinostrano.it\/blog\/wp-json\/wp\/v2\/media?parent=863"}],"wp:term":[{"taxonomy":"category","embeddable":true,"href":"https:\/\/www.pinostrano.it\/blog\/wp-json\/wp\/v2\/categories?post=863"},{"taxonomy":"post_tag","embeddable":true,"href":"https:\/\/www.pinostrano.it\/blog\/wp-json\/wp\/v2\/tags?post=863"}],"curies":[{"name":"wp","href":"https:\/\/api.w.org\/{rel}","templated":true}]}}