{"id":851,"date":"2011-10-15T21:13:49","date_gmt":"2011-10-15T19:13:49","guid":{"rendered":"http:\/\/www.pinostrano.it\/blog\/?p=851"},"modified":"2011-10-15T21:14:42","modified_gmt":"2011-10-15T19:14:42","slug":"cronaca-di-una-manifestazione-impossibile","status":"publish","type":"post","link":"https:\/\/www.pinostrano.it\/blog\/cronaca-di-una-manifestazione-impossibile\/","title":{"rendered":"Roma, 15\/10\/11- Cronaca di una manifestazione impossibile."},"content":{"rendered":"<p>Sono arrivato la mattina alle 12 a san giovanni, destinazione del corteo che nel pomeriggio sarebbe partito da piazza repubblica.<br \/>\nMi ha accolto un grande striscione con scritto &#8220;<strong>Lasciate ogni partito o voi che entrate<\/strong>&#8220;. Un po esagerato forse, ma simpatico. Trovo un centinaio di &#8220;indignati&#8221;, e mi sento subito un po&#8217; come a casa mia. C&#8217;\u00e8 un aria tutto sommato determinata ma non aggressiva. Sulle cancellate una serie di altri striscioni inneggiano alla democrazia, la democrazia diretta, contro la casta, contro la manovra e il debito pubblico accollato ai sudditi. Qualcuno altro arrivando appende altri manifesti e altri striscioni pi\u00f9 o meno sullo stesso tenore e tutti senza simboli. Bench\u00e8 io faccia parte di una organizzazione politica col suo simbolo, e nonostante che come scopo abbiamo quello di far riprendere ai cittadini la sovranit\u00e0 che \u00e8 loro e non arrogarci la rappresentanza di alcuno, noi abbiamo fatto insieme a rete dei cittadini uno sriscione senza simboli, con scritto &#8220;<strong>voi non ci rappresentate, ora tocca a Noi<\/strong>&#8220;. Insieme ad altri amici dispiegamo lo striscione e lo appendiamo. Lo striscione viene generalmente apprezzato e il feeling \u00e8 palpabile. Non avevo dubbi, ma la verifica \u00e8 sempre importante. Si discute un p\u00f2 sul fatto che non si vogliono bandiere di partito, io sostengo che forse l&#8217;accento va messo sul fatto che il loro aspetto negativo non \u00e8 nell&#8217;essere partito, ma nell&#8217;essere macchine che raccolgono il consenso a vantaggio di pochi. Alle 13 e 15 il gruppetto di amici DD e di RETE DEI CITTADINI, e anche alcuni del Partito del Sud decidiamo di andare a piazza repubblica per fare il corteo.<\/p>\n<p>Ci raggiungono anche altri amici e cos\u00ec non siamo pi\u00f9 proprio quattro gatti. La piazza \u00e8 piena di striscioni e bandiere di gruppi politici. Cos\u00ec anche noi tiriamo fuori lo striscione dei DD e di RDC. Ma sento che siamo quasi dei pesci fuor d&#8217;acqua. Il nostro striscione dice : &#8220;Democratici Diretti &#8211; ogni cittadino un membro del parlamento&#8221;. Noi portiamo il discorso della democrazia e della partecipazione diretta al governo, siamo pacifici ma attorno era un prevalere di slogan ritriti sulla lotta di classe di chi gridava o amplificava pi\u00f9 forte. Noi avevamo solo le nostre voci. \u00a0Cos\u00ec ci sistemiamo dietro a quelli dell&#8217;USB l&#8217;unione sindacati base. La piazza si riempie ma non si parte mai. \u00a0Poi dopo una lunga attesa ci si comincia a muovere. C&#8217;\u00e8 molta gente e quindi quando noi ci muoviamo, presumibilmente la testa del corteo \u00e8 gi\u00e0 a met\u00e0 del percorso. Dopo un centinaio di metri non siamo ancora usciti dalla piazza che ci si blocca di nuovo. Molti si chiedono perch\u00e8. Dietro di noi un deficiente con uno dei tanti camion con amplificazione ci stringe. Mi viene volgia di rgliene quattro. Qualcuno suggerisce di scorrere sui bordi e andare davanti, ma secondo me il corteo \u00e8 bloccato perch\u00e8 ci sono dei casini. Come si sa, avevo ragione.<br \/>\ncmq decidiamo di provare, fatte alcune decine di metri \u00e8 chiaro che il corteo non si muove proprio. Cerchiamo una fetta di corteo nel quale inserirci e aspettare. La troviamo. Poco dopo una del gruppo dietro a noi dice che dobbiamo rispettare &#8220;l&#8217;ordine stabilito per le posizioni nel corteo&#8221;. Mi chiedo stabilito da chi? comunque non ce ne importa poi molto e passano, dietro di loro ci stanno dei black bloc, o almeno sembrano tali. Inquadrati, tutti vestiti di nero, in cordoni e con cintura esterna di bandiere con aste corte alias bastoni, passamontagna, o kefia o altre cose per coprire la faccia. Si capisce anche dalla loro tensione che non sono l\u00ec per dire che la democrazia \u00e8 di tutti. Pi\u00f9 o meno gentilmente ci passano davanti anche loro. Se anche la maggioranza di quelli attorno non fosse d&#8217;accordo con quel tipo di presenza nessuno sarebbe realmente in grado di impedirla. La stragrande maggioranza \u00e8 l\u00ec, per se stessa, e vaga disorganizzata, da un punto all&#8217;altro. I gruppi organizzati hanno chiaramente l&#8217;egemonia della situazione. Noi, DD organizzati per altro molto male, non siamo assolutamente in grado di marcare una presenza diversa. L&#8217;area dei dd si \u00e8 spalmata su troppi fronti, san giovanni, piazza repubblica, pzza del popolo, dispersa nel corteo senza neanche riuscire a contattarci&#8230; Ho ricevuto le telefonate di diversi che ci chiedevano dove eravamo e non siamo neanche riusciti a metterci in contatto visivo.<br \/>\nIo mi sento ancor pi\u00f9 un corpo estraneo. Non ho pi\u00f9 voglia di partecipare a quel corteo. C&#8217;\u00e8 molta gente ma l&#8217;egemonia del corteo \u00e8 dei soliti gruppi antagonisti la cui prospettiva offerta per il futuro, se esiste, non la capisco. E quel poco che capisco non mi piace. Gruppi importanti come i precari della scuola, anche loro schiacciati e ridotti in un angolino del corteo. Ma come? Non dovrebbero essere loro i soggetti primi? Lo stesso per i sindacati di base, presenti in gran numero, ma in fondo messi ai margini del corteo. Dopo sapr\u00f2 che si sono quasi scontrati con i black bloc. Per un p\u00f2 stiamo con loro, ma il nostro spezzone di corteo non riesce neanche a partire. E&#8217; chiaro che questa manifestazione \u00e8 diventata la manifestazione di quelli che volevano fare casini, e pi\u00f9 o meno consapevolmente il risultato \u00e8 stato zittire le altre forme di opposizione non caratterizzate per essere communiste, anzi e specialmente quelle non ideologicamente connotate n\u00e8 a destra n\u00e8 a sinistra. Ora certamente pzza san giovanni sar\u00e0 sgomberata anche dagli indignati. Il nuovo, oggi, ha perso \u00a0un occasione.<br \/>\nQuesto dovrebbe insegnare al vero movimento alternativo (alternativo ai vecchi e nuovi prepotenti, ai vecchi e nuovi ideologismi, ai vecchi e nuovi prevaricatori del diritto ad autogovernarsi) che questi obiettivi non possono essere raggiunti senza organizzazione e coordinamento efficace. La democrazia non la puoi fare col solo spontaneismo, n\u00e8 restando divisi e separati in tanti spezzoni (nel corteo, come nell&#8217;azione quotidiana).<br \/>\nSperiamo di imparare in fretta.<\/p>\n<p>&nbsp;<\/p>\n","protected":false},"excerpt":{"rendered":"<p>Sono arrivato la mattina alle 12 a san giovanni, destinazione del corteo che nel pomeriggio sarebbe partito da piazza repubblica. Mi ha accolto un grande striscione con scritto &#8220;Lasciate ogni partito o voi che entrate&#8220;. Un po esagerato forse, ma simpatico. Trovo un centinaio di &#8220;indignati&#8221;, e mi sento subito un po&#8217; come a casa <a href='https:\/\/www.pinostrano.it\/blog\/cronaca-di-una-manifestazione-impossibile\/' class='excerpt-more'>[&#8230;]<\/a><\/p>\n","protected":false},"author":1,"featured_media":0,"comment_status":"open","ping_status":"open","sticky":false,"template":"","format":"standard","meta":{"footnotes":""},"categories":[3],"tags":[],"class_list":["post-851","post","type-post","status-publish","format-standard","hentry","category-generica","category-3-id","post-seq-1","post-parity-odd","meta-position-corners","fix"],"jetpack_featured_media_url":"","_links":{"self":[{"href":"https:\/\/www.pinostrano.it\/blog\/wp-json\/wp\/v2\/posts\/851","targetHints":{"allow":["GET"]}}],"collection":[{"href":"https:\/\/www.pinostrano.it\/blog\/wp-json\/wp\/v2\/posts"}],"about":[{"href":"https:\/\/www.pinostrano.it\/blog\/wp-json\/wp\/v2\/types\/post"}],"author":[{"embeddable":true,"href":"https:\/\/www.pinostrano.it\/blog\/wp-json\/wp\/v2\/users\/1"}],"replies":[{"embeddable":true,"href":"https:\/\/www.pinostrano.it\/blog\/wp-json\/wp\/v2\/comments?post=851"}],"version-history":[{"count":8,"href":"https:\/\/www.pinostrano.it\/blog\/wp-json\/wp\/v2\/posts\/851\/revisions"}],"predecessor-version":[{"id":859,"href":"https:\/\/www.pinostrano.it\/blog\/wp-json\/wp\/v2\/posts\/851\/revisions\/859"}],"wp:attachment":[{"href":"https:\/\/www.pinostrano.it\/blog\/wp-json\/wp\/v2\/media?parent=851"}],"wp:term":[{"taxonomy":"category","embeddable":true,"href":"https:\/\/www.pinostrano.it\/blog\/wp-json\/wp\/v2\/categories?post=851"},{"taxonomy":"post_tag","embeddable":true,"href":"https:\/\/www.pinostrano.it\/blog\/wp-json\/wp\/v2\/tags?post=851"}],"curies":[{"name":"wp","href":"https:\/\/api.w.org\/{rel}","templated":true}]}}