{"id":580,"date":"2010-10-20T01:57:28","date_gmt":"2010-10-19T23:57:28","guid":{"rendered":"http:\/\/www.pinostrano.it\/blog\/?p=580"},"modified":"2010-10-26T19:11:20","modified_gmt":"2010-10-26T17:11:20","slug":"la-riunione-di-torino-del-16-10-2010-disposizione-dello-spazio-e-delle-menti","status":"publish","type":"post","link":"https:\/\/www.pinostrano.it\/blog\/la-riunione-di-torino-del-16-10-2010-disposizione-dello-spazio-e-delle-menti\/","title":{"rendered":"la riunione di torino del 16.10.2010. disposizione dello spazio e delle menti."},"content":{"rendered":"<p style=\"text-align: left;\">Un seminario.<br \/>\nData: 16 ottobre 2010<br \/>\nLuogo: Quartiere di San Salvario, Torino<br \/>\nModalit\u00e0: per relazioni<br \/>\nDurata:  270 minuti . 14.30 &#8211; 19.00<br \/>\nNumero relatori: 8<br \/>\nNumero partecipanti: 80 + (72 in platea e 8 relatori)<br \/>\nTempo dedicato alle relazioni (prima e seconda passata: maggiore di 200 minuti<br \/>\nTempo dedicato agli interventi di tutti i partecipanti: minore di 70 minuti<br \/>\n<img loading=\"lazy\" decoding=\"async\" class=\"aligncenter\" title=\"politburo\" src=\"http:\/\/t2.gstatic.com\/images?q=tbn:ANd9GcTJd4U1T20A-35aztTzNgFJnVb7yYIAFuiKr7TfPqF9TC3-Lv8&amp;t=1&amp;usg=__rO9_Gk0dJGj9e7kjc93nTn1X1Ag=\" alt=\"\" width=\"390\" height=\"290\" \/><\/p>\n<p style=\"text-align: justify;\">Uno non \u00e8 che deve sempre chiedere la democrazia in ogni circostanza ma se vuole fondare un nuovo soggetto politico con tutti i partecipanti, bisogner\u00e0 che si pensi a una organizzazione della discussione tra TUTTI i partecipanti di tipo diverso da quella del &#8220;seminario&#8221;.<\/p>\n<p style=\"text-align: justify;\">Appena arrivato nella bella sede (ex casa del bagno pubblico) ho visto le sedie organizzate con lo schieramento classico: 8 o 10 sedie dietro a un lungo tavolo che fronteggia la platea&#8230; con le sedie del pubblico in ordinate file successive&#8230; Ogni volta l&#8217;immagine che mi sale alla mente \u00e8 quella dei congressi sovietici che portavano ai massimi livelli questo concetto di distribuzione della collocazione fisica dei partecipanti.<\/p>\n<p><!--more--><\/p>\n<p style=\"text-align: justify;\">Ora non \u00e8 necessario stare in cerchio per poter comunicare l&#8217;un altro in maniera democratica, ma quella disposizione non lo favorisce e direi piuttosto che la ostacola.<br \/>\nTuttavia, per un &#8220;seminario&#8221; inteso come un posto dove alcuni parlano a molti e i molti non possono parlare agli alcuni e nemmeno tra loro (a meno di essere maleducati che parlano mentre gli alcuni stanno relazionando o dibattendo) quella disposizione \u00e8 perfetta.<\/p>\n<p style=\"text-align: justify;\">Il punto \u00e8 che un nuovo soggetto politico non pu\u00f2 nascere da un seminario. Un seminario pu\u00f2 certamente esserne seme. Anzi materiale genomico. Perch\u00e9 \u00e8 proprio il seme che deve essere costruito insieme. Dice: \u00e8 ovvio che non pu\u00f2 nascere da un seminario, bisogna avere pazienza e costruire.<br \/>\nAspetto a questo punto di vedere le prossime puntate. Il mio non \u00e8 un giudizio &#8220;negativo&#8221;.  Non mi tiro indietro. Semplicemente desidererei un processo pi\u00f9 consapevole. Anche nei seminari. Non dovrebbero essere i &#8220;seminati&#8221; a doverlo ricordare ai &#8220;seminatori&#8221;.<br \/>\nE vorrei non dover dipendere dagli alcuni.<br \/>\nSperiamo che gli alcuni si rendano rapidamente non necessari, ma utili. Per ora pi\u00f9 che altro direi che sono inevitabili.<\/p>\n","protected":false},"excerpt":{"rendered":"<p>nuovo soggetto politico, disposizione dei partecipanti<\/p>\n","protected":false},"author":1,"featured_media":0,"comment_status":"open","ping_status":"open","sticky":false,"template":"","format":"standard","meta":{"footnotes":""},"categories":[3],"tags":[19,49],"class_list":["post-580","post","type-post","status-publish","format-standard","hentry","category-generica","tag-democrazia","tag-nuovo-soggetto-politico","category-3-id","post-seq-1","post-parity-odd","meta-position-corners","fix"],"jetpack_featured_media_url":"","_links":{"self":[{"href":"https:\/\/www.pinostrano.it\/blog\/wp-json\/wp\/v2\/posts\/580","targetHints":{"allow":["GET"]}}],"collection":[{"href":"https:\/\/www.pinostrano.it\/blog\/wp-json\/wp\/v2\/posts"}],"about":[{"href":"https:\/\/www.pinostrano.it\/blog\/wp-json\/wp\/v2\/types\/post"}],"author":[{"embeddable":true,"href":"https:\/\/www.pinostrano.it\/blog\/wp-json\/wp\/v2\/users\/1"}],"replies":[{"embeddable":true,"href":"https:\/\/www.pinostrano.it\/blog\/wp-json\/wp\/v2\/comments?post=580"}],"version-history":[{"count":12,"href":"https:\/\/www.pinostrano.it\/blog\/wp-json\/wp\/v2\/posts\/580\/revisions"}],"predecessor-version":[{"id":614,"href":"https:\/\/www.pinostrano.it\/blog\/wp-json\/wp\/v2\/posts\/580\/revisions\/614"}],"wp:attachment":[{"href":"https:\/\/www.pinostrano.it\/blog\/wp-json\/wp\/v2\/media?parent=580"}],"wp:term":[{"taxonomy":"category","embeddable":true,"href":"https:\/\/www.pinostrano.it\/blog\/wp-json\/wp\/v2\/categories?post=580"},{"taxonomy":"post_tag","embeddable":true,"href":"https:\/\/www.pinostrano.it\/blog\/wp-json\/wp\/v2\/tags?post=580"}],"curies":[{"name":"wp","href":"https:\/\/api.w.org\/{rel}","templated":true}]}}