{"id":56,"date":"2009-02-22T03:14:33","date_gmt":"2009-02-22T01:14:33","guid":{"rendered":"http:\/\/www.pinostrano.it\/blog\/?p=56"},"modified":"2009-03-01T22:01:53","modified_gmt":"2009-03-01T20:01:53","slug":"dali","status":"publish","type":"post","link":"https:\/\/www.pinostrano.it\/blog\/dali\/","title":{"rendered":"D&#8217;alia: lo Zdanov de noantri."},"content":{"rendered":"<p><strong><em><\/em><\/strong><\/p>\n<p><strong><em><\/em><\/strong><\/p>\n<p><strong><em><\/em><\/strong><\/p>\n<p><strong><em><\/em><\/strong><\/p>\n<p><strong><em><\/p>\n<div id=\"attachment_58\" style=\"width: 186px\" class=\"wp-caption alignright\"><img loading=\"lazy\" decoding=\"async\" aria-describedby=\"caption-attachment-58\" class=\"size-full wp-image-58\" title=\"dalia3\" src=\"http:\/\/www.pinostrano.it\/blog\/wp-content\/uploads\/2009\/02\/dalia3.gif\" alt=\"zdanov\" width=\"176\" height=\"277\" srcset=\"https:\/\/www.pinostrano.it\/blog\/wp-content\/uploads\/2009\/02\/dalia3.gif 220w, https:\/\/www.pinostrano.it\/blog\/wp-content\/uploads\/2009\/02\/dalia3-190x300.gif 190w\" sizes=\"auto, (max-width: 176px) 100vw, 176px\" \/><p id=\"caption-attachment-58\" class=\"wp-caption-text\">zdanov<\/p><\/div>\n<p><\/em><\/strong><\/p>\n<p>\u00a0<\/p>\n<p>\u00a0<\/p>\n<p style=\"text-align: justify;\"><strong><em>Zdanov, Andrej Aleksandrovi\u010d\u00a0<\/em><\/strong><em>(Mariupol 1896 &#8211; Mosca 1948), uomo politico sovietico, partecip\u00f2 alla\u00a0<\/em><a href=\"http:\/\/it.encarta.msn.com\/encyclopedia_761569348\/Rivoluzione_russa_(1917).html\"><em>rivoluzione del 1917<\/em><\/a><em>, quindi assunse l&#8217;incarico di segretario del Partito comunista a Leningrado. Fu protagonista della feroce repressione scatenata da\u00a0<\/em><a href=\"http:\/\/it.encarta.msn.com\/encyclopedia_761559200\/Stalin.html\"><em>Stalin<\/em><\/a><em> contro gli oppositori politici e sostenitore acceso delle epurazioni di massa nel partito. Teorizz\u00f2 e pratic\u00f2 una linea di politica culturale di tipo dogmatico, che da lui prese nome (zdanovismo), che negava le libert\u00e0 di ricerca e di pensiero e asserviva la cultura alle esigenze propagandistiche del\u00a0<\/em><a href=\"http:\/\/it.encarta.msn.com\/encyclopedia_761572241\/Comunismo.html\"><em>regime comunista<\/em><\/a><\/p>\n<p>(Tratto da <a href=\"http:\/\/it.encarta.msn.com\/encyclopedia_981535661\/Zdanov_Andrej_Aleksandrovi\u010d.html\">Encarta<\/a>.)<\/p>\n<p><em><br \/>\n<\/em><\/p>\n<div id=\"attachment_59\" style=\"width: 186px\" class=\"wp-caption alignright\"><img loading=\"lazy\" decoding=\"async\" aria-describedby=\"caption-attachment-59\" class=\"size-full wp-image-59\" title=\"dalia1\" src=\"http:\/\/www.pinostrano.it\/blog\/wp-content\/uploads\/2009\/02\/dalia1.gif\" alt=\"dalia1\" width=\"176\" height=\"277\" srcset=\"https:\/\/www.pinostrano.it\/blog\/wp-content\/uploads\/2009\/02\/dalia1.gif 220w, https:\/\/www.pinostrano.it\/blog\/wp-content\/uploads\/2009\/02\/dalia1-190x300.gif 190w\" sizes=\"auto, (max-width: 176px) 100vw, 176px\" \/><p id=\"caption-attachment-59\" class=\"wp-caption-text\">d&#39;alia<\/p><\/div>\n<p style=\"text-align: justify;\"><strong><em>D&#8217;alia, Giampiero<\/em><\/strong><em>\u00a0(Messina 1966 &#8211; ???? 20xx), uomo politico italiano,\u00a0Presidente del gruppo<\/em><a href=\"http:\/\/www.senato.it\/loc\/link.asp?tipodoc=sgrp&amp;leg=16&amp;id=58\"><em>UDC-SVP-Aut<\/em><\/a><em>,\u00a0Membro della\u00a0<\/em><a href=\"http:\/\/www.senato.it\/loc\/link.asp?tipodoc=scom&amp;leg=16&amp;cod=20&amp;tipo=0\"><em>Giunta per il Regolamento<\/em><\/a><em>, Membro della\u00a0<\/em><a href=\"http:\/\/www.senato.it\/loc\/link.asp?tipodoc=scom&amp;leg=16&amp;cod=21&amp;tipo=0\"><em>Giunta delle elezioni e delle immunita&#8217; parlamentari, Membro della<\/em><\/a><a href=\"http:\/\/www.senato.it\/loc\/link.asp?tipodoc=scom&amp;leg=16&amp;cod=2&amp;tipo=0\"><em>2\u00aa Commissione permanente (Giustizia)<\/em><\/a><em>. Membro del\u00a0<\/em><a href=\"http:\/\/www.senato.it\/loc\/link.asp?tipodoc=scom&amp;leg=16&amp;cod=43&amp;tipo=4\"><em>Comitato parlamentare per i procedimenti di accusa<\/em><\/a><em>, Membro della\u00a0<\/em><a href=\"http:\/\/www.senato.it\/loc\/link.asp?tipodoc=scom&amp;leg=16&amp;cod=60&amp;tipo=4\"><em>Commissione parlamentare per l&#8217;indirizzo generale e la vigilanza dei servizi radiotelevisivi<\/em><\/a><em>, Membro della\u00a0<\/em><a href=\"http:\/\/www.senato.it\/loc\/link.asp?tipodoc=scom&amp;leg=16&amp;cod=53&amp;tipo=4\"><em>Commissione parlamentare di inchiesta sul fenomeno della mafia e sulle altre associazioni criminali, anche straniere.<\/em><\/a><em><br \/>\n\u00a0Sostenitore acceso delle epurazioni di massa in internet. Teorizza e pratica una linea di politica culturale di tipo dogmatico, che da lui prende nome (zdaliavismo), che nega le libert\u00e0 di ricerca e di pensiero e asserve la cultura alle esigenze propagandistiche del\u00a0<\/em><a href=\"http:\/\/it.encarta.msn.com\/encyclopedia_761572241\/Comunismo.html\"><span style=\"color: #3167c2;\"><em>regime berlusconiano<\/em><\/span><\/a><\/p>\n<p style=\"text-align: justify;\"><img loading=\"lazy\" decoding=\"async\" class=\"aligncenter size-full wp-image-62\" title=\"zdalianov_11\" src=\"http:\/\/www.pinostrano.it\/blog\/wp-content\/uploads\/2009\/02\/zdalianov_11.gif\" alt=\"zdalianov_11\" width=\"240\" height=\"170\" \/>&#8220;Stessa faccia stessa razza&#8221; dicono i greci ai turisti italiani in vacanza. A guardare le foto qui sopra comincio a credere nella psicosomatica e persino nelle teorie lombrosiane.<!--more--><\/p>\n<p style=\"text-align: justify;\">Egli \u00e8 promotore di un <a href=\"http:\/\/mobile.senato.it\/japp\/bgt\/showdoc\/frame.jsp?tipodoc=Emend&amp;leg=16&amp;id=391198&amp;idoggetto=413875\">emendamento<\/a>\u00a0al DDL 773, che si propone di oscurare e censurare \u00a0i siti e le reti di social network che non si adeguano alle richieste di cancellazione di utenti o messaggi supposti illegali sulla base della semplice ipotesi di reato, a prescindere da qualsiasi giudizio e\/o processo che lo dimostri. E lascia questo potere a discrezione del Ministero degli Interni, e non della magistratura. Proseguendo la linea Berlusconiana di attacco al principio della suddivisione dei poteri a vantaggio del governo.\u00a0<\/p>\n<p>Ascoltate questa intervista del sen. avvocato (c&#8217;\u00e8 da non crederci) D&#8217;alia :<br \/>\n\u00a0\u00a0<a href=\"http:\/\/www.youtube.com\/watch?v=DspArIPgTYo&amp;feature=related\">Intervista a D\\&#8217;alia<\/a><br \/>\nQuesti non si vergognano pi\u00f9 di niente.<\/p>\n<p style=\"text-align: justify;\">Denunciano i cinesi per le mancate garanzie dei diritti umani e di libert\u00e0 di espressione, ma una proposta cos\u00ec illiberale e giuridicamente mostruosa \u00e8 difficile pensarla.<\/p>\n<p style=\"text-align: justify;\">Restringono le possibilita di indagine riducendo le possibilit\u00e0 di intercettazione, perch\u00e8, dicono, devono garantire la privacy (loro).<\/p>\n<p style=\"text-align: justify;\">Mantengono nel loro seggio parlamentari condannati con sentenze passate in giudicato, semplicemente non facendo il loro lavoro nella apposita commissione (di cui per altro il senatore fa parte) che altrimenti dovrebbe semplicemente formalizzarne la decadenza; si ergono al di sopra della legge inventandosi tutte le salvaguardie e le norme &#8220;garantiste&#8221; possibili.<\/p>\n<p style=\"text-align: justify;\">Per\u00f2, diventano giustizialisti e massimalisti quando intravedono la possibilit\u00e0 di mettere il bavaglio a quel poco di libert\u00e0 che \u00e8 rimasta.<br \/>\nSono peggio degli stalinisti, e dei fascisti. Che di quelli qualcuno, giustificato dalla fede, se ne potrebbe salvare. Questi sono\u00a0ipocriti, privi di alcuna coerenza ideologica e totalitaristi, ma per istinto, per interesse.\u00a0E i peggio sono i lacch\u00e8, i peones. Come accade sempre i lacch\u00e8 sono pi\u00f9 realisti del re, perch\u00e8 devono ingraziarselo. Era cos\u00ec per Zdanov. D&#8217;alia sembra seguire le sue orme.<\/p>\n<p style=\"text-align: justify;\">Complimenti a lui per aver legato il suo nome ad imperitura memoria a questa immagine. Qui in italia e <a href=\"http:\/\/www.pcworld.it\/showPage.php?template=attualita&amp;id=8455&amp;sez=in\">\u00a0in giro per il mondo<\/a>.<br \/>\nIn Cina gli daranno una onorificenza\u00a0o gli faranno un monumento.<br \/>\nDia retta, senatore,\u00a0ci si trasferisca. Vedr\u00e0, si trover\u00e0 benissimo. L\u00ec\u00a0vogliono e fanno esattamente la stessa cosa che vuole lei.<\/p>\n","protected":false},"excerpt":{"rendered":"<p>D&#8217;alia segue le orme di Zdanov. Pratica una linea di politica culturale di tipo dogmatico, che da lui prender\u00e0 certamente il nome (zdaliavismo), che nega le libert\u00e0 di ricerca e di pensiero e asserve la cultura alle esigenze propagandistiche del regime berlusconiano.<\/p>\n","protected":false},"author":1,"featured_media":0,"comment_status":"open","ping_status":"open","sticky":false,"template":"","format":"standard","meta":{"footnotes":""},"categories":[3],"tags":[22,19,20,21],"class_list":["post-56","post","type-post","status-publish","format-standard","hentry","category-generica","tag-blog","tag-democrazia","tag-internet","tag-social-network","category-3-id","post-seq-1","post-parity-odd","meta-position-corners","fix"],"jetpack_featured_media_url":"","_links":{"self":[{"href":"https:\/\/www.pinostrano.it\/blog\/wp-json\/wp\/v2\/posts\/56","targetHints":{"allow":["GET"]}}],"collection":[{"href":"https:\/\/www.pinostrano.it\/blog\/wp-json\/wp\/v2\/posts"}],"about":[{"href":"https:\/\/www.pinostrano.it\/blog\/wp-json\/wp\/v2\/types\/post"}],"author":[{"embeddable":true,"href":"https:\/\/www.pinostrano.it\/blog\/wp-json\/wp\/v2\/users\/1"}],"replies":[{"embeddable":true,"href":"https:\/\/www.pinostrano.it\/blog\/wp-json\/wp\/v2\/comments?post=56"}],"version-history":[{"count":25,"href":"https:\/\/www.pinostrano.it\/blog\/wp-json\/wp\/v2\/posts\/56\/revisions"}],"predecessor-version":[{"id":113,"href":"https:\/\/www.pinostrano.it\/blog\/wp-json\/wp\/v2\/posts\/56\/revisions\/113"}],"wp:attachment":[{"href":"https:\/\/www.pinostrano.it\/blog\/wp-json\/wp\/v2\/media?parent=56"}],"wp:term":[{"taxonomy":"category","embeddable":true,"href":"https:\/\/www.pinostrano.it\/blog\/wp-json\/wp\/v2\/categories?post=56"},{"taxonomy":"post_tag","embeddable":true,"href":"https:\/\/www.pinostrano.it\/blog\/wp-json\/wp\/v2\/tags?post=56"}],"curies":[{"name":"wp","href":"https:\/\/api.w.org\/{rel}","templated":true}]}}