{"id":558,"date":"2010-03-29T11:28:01","date_gmt":"2010-03-29T09:28:01","guid":{"rendered":"http:\/\/www.pinostrano.it\/blog\/?p=558"},"modified":"2010-10-26T19:10:15","modified_gmt":"2010-10-26T17:10:15","slug":"al-seggio-1743-i-rappresentanti-di-lista-della-casta-tentano-di-impedirci-lesercizio-dei-nostri-diritti","status":"publish","type":"post","link":"https:\/\/www.pinostrano.it\/blog\/al-seggio-1743-i-rappresentanti-di-lista-della-casta-tentano-di-impedirci-lesercizio-dei-nostri-diritti\/","title":{"rendered":"Al seggio 1743 i rappresentanti di lista della casta tentano di impedirci l&#8217;esercizio dei nostri diritti."},"content":{"rendered":"<p style=\"text-align: justify;\">mun XVIII seggio 1743.<\/p>\n<p style=\"text-align: justify;\">Dopo essermi accreditato regolarmente alle 16.00 di sabato. Tutta la domenica sono stato presso il mio seggio.<\/p>\n<p style=\"text-align: justify;\">Oggi, all&#8217;arrivo al seggio, il presidente mi dice che mi deve parlare e mi porta nel corridoio per parlare pi\u00f9 tranquilli.<\/p>\n<p style=\"text-align: justify;\">Mi dice che altri rappresentanti di lista si sono lamentati che io sosto nel seggio.<\/p>\n<p style=\"text-align: justify;\">Mi meraviglio e rispondo che forse allora non conoscono la legge perch\u00e9 io ho diritto a stare nella stanza delle votazioni e a indossare una fascia o altro distintivo della mia lista elettorale.<\/p>\n<p style=\"text-align: justify;\">Il presidente insiste e mi dice che per quieto vivere, visto che il suo compito \u00e8 fare in modo che non c siano problemi di sorta nello svolgimento delle votazioni&#8230; Mi dice che &#8220;sostare&#8221; non \u00e8 la stessa cosa di &#8220;stare&#8221; o avere accesso e quindi se posso non &#8220;sostare&#8221; o stare seduto sulla sedia. Io ho preso infatti una delle sedie presenti nell&#8217;aula e dopo aver chiesto dove potevo metterla e avendo ricevuto indicazione. me ne stavo seduto su di quella, in disparte, durante le votazioni, scambiando ogni tanto due parole con gli scrutatori quando non c&#8217;erano elettori.<\/p>\n<p><!--more--><\/p>\n<p style=\"text-align: justify;\">Ribadisco che la legge stabilisce che il rappresentanti di lista ha diritto ad accedere e non credo che con questo si intenda che appena acceduti si debba uscire e poi riaccedere e poi riuscire eccetera.<\/p>\n<p style=\"text-align: justify;\">Che la &#8220;sosta&#8221; si fa con le macchine e che non vedo comunque differenza tra \u00a0&#8220;stare&#8221; &#8220;sostare&#8221; e diritto di accedere alla stanza. E che comunque se insiste gli chieder\u00f2 di mettere a verbale quello che sta dicendo.<\/p>\n<p style=\"text-align: justify;\">Se agli altri rappresentanti di lista da fastidio che io stia li, non \u00e8 un problema mio. Che vengano anche loro. Nessuno lo vieta. Se loro non hanno intenzione di offrire il loro tempo per fare questo \u00e8 un problema loro. E quindi a meno di dichiarazioni verbali e intervento della forza pubblica io &#8220;star\u00f2&#8221; &#8220;soster\u00f2&#8221; &#8220;acceder\u00f2&#8221; al seggio per tutta la durata delle operazioni.<\/p>\n<p style=\"text-align: justify;\">Naturalmente non mette a verbale niente e io resto l\u00ec. Chiedo se posso cmq usare una sedia per sedere e lui mi fa spostare un pochino di posto, semplicemente cambiando di un metro la collocazione della sedia, restando se possibile ancora pi\u00f9 in evidenza col mio simbolo al braccio.<\/p>\n<p style=\"text-align: justify;\">La rabbia in questo momento mi invade. Anche se tutta la discussione \u00e8 avvenuta con toni e parole calme e educate. Ma cosa vogliono???.<\/p>\n<p style=\"text-align: justify;\">Non hanno rispettato una regola che fosse UNA durante tutta la campagna elettorale e ora siccome non hanno nemmeno la volont\u00e0 di dedicare il loro tempo a stare nel seggio si lamentano verso chi invece lo fa. La legge? Chi se ne frega. Si sa che \u00e8 un accessorio fastidioso. A loro fa scomodo e quindi si lamentano. E il presidente abbozzava(!). Vedete poi per quale enorme vantaggio ne possa derivare dallo stare nel seggio col simbolo al braccio.<\/p>\n<p style=\"text-align: justify;\">Ieri ho fatto entra ed esci dal mio seggio. Oggi non mi sposter\u00f2 se non per andare a fare pip\u00ec. Sperando che quelli schiattino.<\/p>\n","protected":false},"excerpt":{"rendered":"<p>Quelli della casta sono cos\u00ec abituati a fregarsene delle leggi e ad avere tutti i vantaggi che ne derivano che quando invece una legge mette semplicemente su un piano di parit\u00e0 e non possono fermarti infrangendola, o cambiandola, si infastidiscono, si irritano. La melma ci sta sopraffacendo. <\/p>\n","protected":false},"author":1,"featured_media":0,"comment_status":"open","ping_status":"open","sticky":false,"template":"","format":"standard","meta":{"footnotes":""},"categories":[40,4],"tags":[30,39],"class_list":["post-558","post","type-post","status-publish","format-standard","hentry","category-personale","category-politica","tag-elezioni-regionali-lazio","tag-rete-dei-cittadini","category-40-id","category-4-id","post-seq-1","post-parity-odd","meta-position-corners","fix"],"jetpack_featured_media_url":"","_links":{"self":[{"href":"https:\/\/www.pinostrano.it\/blog\/wp-json\/wp\/v2\/posts\/558","targetHints":{"allow":["GET"]}}],"collection":[{"href":"https:\/\/www.pinostrano.it\/blog\/wp-json\/wp\/v2\/posts"}],"about":[{"href":"https:\/\/www.pinostrano.it\/blog\/wp-json\/wp\/v2\/types\/post"}],"author":[{"embeddable":true,"href":"https:\/\/www.pinostrano.it\/blog\/wp-json\/wp\/v2\/users\/1"}],"replies":[{"embeddable":true,"href":"https:\/\/www.pinostrano.it\/blog\/wp-json\/wp\/v2\/comments?post=558"}],"version-history":[{"count":6,"href":"https:\/\/www.pinostrano.it\/blog\/wp-json\/wp\/v2\/posts\/558\/revisions"}],"predecessor-version":[{"id":613,"href":"https:\/\/www.pinostrano.it\/blog\/wp-json\/wp\/v2\/posts\/558\/revisions\/613"}],"wp:attachment":[{"href":"https:\/\/www.pinostrano.it\/blog\/wp-json\/wp\/v2\/media?parent=558"}],"wp:term":[{"taxonomy":"category","embeddable":true,"href":"https:\/\/www.pinostrano.it\/blog\/wp-json\/wp\/v2\/categories?post=558"},{"taxonomy":"post_tag","embeddable":true,"href":"https:\/\/www.pinostrano.it\/blog\/wp-json\/wp\/v2\/tags?post=558"}],"curies":[{"name":"wp","href":"https:\/\/api.w.org\/{rel}","templated":true}]}}