{"id":529,"date":"2010-03-24T00:20:37","date_gmt":"2010-03-23T22:20:37","guid":{"rendered":"http:\/\/www.pinostrano.it\/blog\/?p=529"},"modified":"2010-03-25T01:44:45","modified_gmt":"2010-03-24T23:44:45","slug":"siete-di-destra-o-di-sinistra-lo-strano-oggetto-della-rete-dei-cittadini","status":"publish","type":"post","link":"https:\/\/www.pinostrano.it\/blog\/siete-di-destra-o-di-sinistra-lo-strano-oggetto-della-rete-dei-cittadini\/","title":{"rendered":"Siete di destra o di sinistra? Lo strano oggetto della Rete dei Cittadini."},"content":{"rendered":"<p style=\"text-align: justify;\">La prima domanda che ci viene fatta dai giornalisti (quando bont\u00e0 loro si degnano di notare che esistiamo) \u00e8 : dove vi collocate? Siete a destra o siete a sinistra?<\/p>\n<p style=\"text-align: justify;\">La prima volta che me la sono sentita rivolgere \u00e8 stato alle 8 e trenta del mattino, davanti alla corte d&#8217;Appello in attesa degli amici con i pacchi delle firme e la documentazione da consegnare alla cancelleria.<\/p>\n<p style=\"text-align: justify;\"><a href=\"http:\/\/www.pinostrano.it\/blog\/wp-content\/uploads\/2010\/03\/ufo.jpg\"><img loading=\"lazy\" decoding=\"async\" class=\"alignleft size-full wp-image-534\" title=\"ufo\" src=\"http:\/\/www.pinostrano.it\/blog\/wp-content\/uploads\/2010\/03\/ufo.jpg\" alt=\"\" hspace=\"10\" vspace=\"10\" width=\"400\" height=\"300\" srcset=\"https:\/\/www.pinostrano.it\/blog\/wp-content\/uploads\/2010\/03\/ufo.jpg 400w, https:\/\/www.pinostrano.it\/blog\/wp-content\/uploads\/2010\/03\/ufo-300x225.jpg 300w\" sizes=\"auto, (max-width: 400px) 100vw, 400px\" \/><\/a>Alla mia risposta di &#8220;n\u00e8 di destra n\u00e8 di sinistra&#8221;, il giornalista con un lampo di genio incalz\u00f2: &#8220;siete di centro!&#8221;. Provai a scuotere le sue certezze rispondendo n\u00e8 di destra, n\u00e8 di sinistra, n\u00e8 centro. Lui non si diede per vinto: &#8220;Ma su, via, alla fine tutti si schierano; qualcuno poi dovrete appoggiare, voi dove vi mettete?&#8221;. Risposi che noi stavamo definendo una nuova entit\u00e0 dello spazio-politico. E che quindi ci mettevamo in alto. E la discussione fin\u00ec l\u00ec, con l&#8217;impressione che il giornalista, protervo, pensasse che solo non ci volevamo &#8220;sbottonare&#8221;. L&#8217;arrivo degli amici, lo salv\u00f2 dalla concione che mi apprestavo a erogargli, e che non risparmier\u00f2 a voi.<\/p>\n<p style=\"text-align: justify;\">Questa continua forzatura nel volerci incasellare da qualche parte, mostra l&#8217;intensit\u00e0 del condizionamento mentale cui ci hanno sottoposto da decenni. Oserei dire da sempre. E, forse, e dico forse, una volta, aveva anche ragion d&#8217;essere.<\/p>\n<p style=\"text-align: justify;\">Di questo condizionamento sembrano soffrire specialmente quelli che proprio si identificano nella destra e nella sinistra, e ancor pi\u00f9 in chi si dichiara fascista o comunista. A volte questo si traduce bell&#8217;identificarci col &#8220;nemico&#8221; della parte avversa. Qualche volta nel compagno o camerata, magari un p\u00f2 diverso e &#8220;immaturo&#8221;, e che deve essere educato alla giusta linea.<\/p>\n<p style=\"text-align: justify;\">Ogni cittadino e ogni forza politica \u00e8 libero di dare le proprie interpretazioni, anche le pi\u00f9 fantasiose, di quello che \u00e8 la Rete Dei Cittadini, delle sue posizioni politiche e della sua collocazione \u00a0(destra, sinistra, centro&#8230;).<\/p>\n<p style=\"text-align: justify;\">Ma la prima delle novit\u00e0 che noi rappresentiamo \u00e8 proprio il fatto che noi abbiamo rinunciato alle appartenenze ideologiche <strong>per dare valore alla coscienza e giudizio individuale<\/strong>.<\/p>\n<p style=\"text-align: justify;\">La Rete Dei Cittadini non si fa ingabbiare sotto nessuna di quelle etichette. Noi siamo aperti alla partecipazione e collaborazione di chiunque, venga come CITTADINO. Questa \u00e8 l&#8217;unica connotazione che richiediamo e sosteniamo. Come cittadini rifiutiamo il logoro gioco delle appartenenze. Sono trappole per conculcare la nostra prerogativa di cittadino, membri del popolo cui spetta la sovranit\u00e0. Sovranit\u00e0 che finalmente noi tutti vogliamo praticare e non subire. Noi siamo individui, politicamente e mentalmente liberi da bandiere ideologiche.<\/p>\n<p style=\"text-align: justify;\">L&#8217;unica appartenenza che nella RDC riconosciamo \u00e8 l&#8217;essere democratici. Democratici senza se e senza ma. Per questo non possiamo, come gruppo politico, guardare a (o tanto meno collaborare con) nessuno degli schieramenti esistenti e non guardiamo a nessuna delle forze poiltiche esistenti che non riconoscano al cittadino il diritto all&#8217;autogoverno, al di l\u00e0 delle sue convinzioni politiche, religiose, filosofiche, qualunque esse siano.<\/p>\n<p style=\"text-align: justify;\">Siamo stufi di dover votare col naso turato. Per poi essere totalmente dimenticati. Vogliamo contare sempre. Vogliamo scegliere come votare sulle singole leggi, come individui. Che hanno a volte anche idee diverse e quindi anche vogliono esprimere un voto diverso.<\/p>\n<p style=\"text-align: justify;\">Non deleghiamo a nessuno la nostra coscienza e il nostro indivduale giudizio su nessuna questione.<\/p>\n<p style=\"text-align: justify;\">Noi abbiamo trovato come realizzare questo. Sappiano i cittadini che voteranno la Rete:<a href=\"http:\/\/www.pinostrano.it\/blog\/wp-content\/uploads\/2010\/02\/RETE-DEI-CITTADINI-300.gif\"><img loading=\"lazy\" decoding=\"async\" class=\"alignright size-full wp-image-345\" title=\"RETE DEI CITTADINI-300\" src=\"http:\/\/www.pinostrano.it\/blog\/wp-content\/uploads\/2010\/02\/RETE-DEI-CITTADINI-300.gif\" alt=\"\" width=\"300\" height=\"280\" \/><\/a><\/p>\n<p style=\"text-align: justify;\">1) che i nostri candidati sono interpretati come strumenti per esprimere la volont\u00e0 dei cittadini che la sostengono e per ampliare al massimo la trasparenza delle istituzioni riportando a tutti i cittadini (sostenitori e no) tutto ci\u00f2 che sar\u00e0 a loro noto.<\/p>\n<p style=\"text-align: justify;\">2) che i cittadini sostenitori della Rete dei Cittadini decideranno ogni volta quale dovr\u00e0 essere il voto espresso dal loro rappresentante, su ogni questione all&#8217;odg. Ogni volta che sar\u00e0 possibile.<\/p>\n<p style=\"text-align: justify;\">3) che i rappresentanti della RDC esprimeranno \u00a0le loro posizioni e voti in conformit\u00e0 e in proporzione alla diverse posizioni presenti nella rete<br \/>\nE i cittadini sostenitori della Rete, lo faranno via internet e con assemblee periodiche.<\/p>\n<p style=\"text-align: justify;\">Invito, tutti i cittadini che vogliono riprendersi il diritto di decidere non solo alle elezioni ma durante tutto l&#8217;arco della legislatura ad <a href=\"http:\/\/retedeicittadini.it\/?page_id=466\">aderire esplicitamente alla Rete Dei Cittadini<\/a>. Oggi \u00e8 possibile iscriversi con poche formalit\u00e0. Dopo le elezioni, per evitare l&#8217;assalto di possibili truppe cammellate e infiltrazioni, ci\u00f2 sar\u00e0 possibile dopo adeguate verifiche e col consenso di chi ne \u00e8 gi\u00e0 parte.<\/p>\n<p style=\"text-align: justify;\">Non ci interessano comunismo e fascismo. Chi viene con noi pu\u00f2 anche autodefinirsi comunista o fascista o quello che gli pare. A noi interessa che dichiari di accettare le regole democratiche del nostro statuto. E che le rispetti. Allora sar\u00e0 accolto come cittadino tra cittadini, senza altri aggettivi.<\/p>\n","protected":false},"excerpt":{"rendered":"<p>Non abbiamo apparteenze ideologiche. Non siamo n\u00e8 di destra, n\u00e8 di sinistra, n\u00e8 di centro. Siamo cittadini che non vogliono delegare o annacquare  la propria coscienza e il proprio indivduale giudizio dietro o dentro alcuna ideologia. I nostri rappresentanti, saranno strumenti dei cittadini sostenitori della Rete, ed esprimeranno le loro posizioni e voti in conformit\u00e0 e in proporzione alla diverse posizioni presenti nella Rete. In breve noi siamo democratici senza se e senza ma.<\/p>\n","protected":false},"author":1,"featured_media":0,"comment_status":"open","ping_status":"open","sticky":false,"template":"","format":"standard","meta":{"footnotes":""},"categories":[4],"tags":[19,39],"class_list":["post-529","post","type-post","status-publish","format-standard","hentry","category-politica","tag-democrazia","tag-rete-dei-cittadini","category-4-id","post-seq-1","post-parity-odd","meta-position-corners","fix"],"jetpack_featured_media_url":"","_links":{"self":[{"href":"https:\/\/www.pinostrano.it\/blog\/wp-json\/wp\/v2\/posts\/529","targetHints":{"allow":["GET"]}}],"collection":[{"href":"https:\/\/www.pinostrano.it\/blog\/wp-json\/wp\/v2\/posts"}],"about":[{"href":"https:\/\/www.pinostrano.it\/blog\/wp-json\/wp\/v2\/types\/post"}],"author":[{"embeddable":true,"href":"https:\/\/www.pinostrano.it\/blog\/wp-json\/wp\/v2\/users\/1"}],"replies":[{"embeddable":true,"href":"https:\/\/www.pinostrano.it\/blog\/wp-json\/wp\/v2\/comments?post=529"}],"version-history":[{"count":10,"href":"https:\/\/www.pinostrano.it\/blog\/wp-json\/wp\/v2\/posts\/529\/revisions"}],"predecessor-version":[{"id":538,"href":"https:\/\/www.pinostrano.it\/blog\/wp-json\/wp\/v2\/posts\/529\/revisions\/538"}],"wp:attachment":[{"href":"https:\/\/www.pinostrano.it\/blog\/wp-json\/wp\/v2\/media?parent=529"}],"wp:term":[{"taxonomy":"category","embeddable":true,"href":"https:\/\/www.pinostrano.it\/blog\/wp-json\/wp\/v2\/categories?post=529"},{"taxonomy":"post_tag","embeddable":true,"href":"https:\/\/www.pinostrano.it\/blog\/wp-json\/wp\/v2\/tags?post=529"}],"curies":[{"name":"wp","href":"https:\/\/api.w.org\/{rel}","templated":true}]}}