{"id":500,"date":"2010-03-20T12:40:56","date_gmt":"2010-03-20T10:40:56","guid":{"rendered":"http:\/\/www.pinostrano.it\/blog\/?p=500"},"modified":"2010-03-20T22:30:52","modified_gmt":"2010-03-20T20:30:52","slug":"il-demone-del-potere","status":"publish","type":"post","link":"https:\/\/www.pinostrano.it\/blog\/il-demone-del-potere\/","title":{"rendered":"Il demone del potere."},"content":{"rendered":"<div style=\"text-align: justify;\">Da quando sono ufficialmente candidato al consiglio regionale per la Rete Dei Cittadini, dentro di me, qualcosa \u00e8 successo.<\/div>\n<div style=\"text-align: justify;\"><a href=\"http:\/\/www.pinostrano.it\/blog\/wp-content\/uploads\/2010\/02\/RETE-DEI-CITTADINI-300.gif\"><img loading=\"lazy\" decoding=\"async\" class=\"alignleft size-full wp-image-345\" title=\"RETE DEI CITTADINI-300\" src=\"http:\/\/www.pinostrano.it\/blog\/wp-content\/uploads\/2010\/02\/RETE-DEI-CITTADINI-300.gif\" alt=\"\" width=\"300\" height=\"280\" \/><\/a>E credo che la stessa cosa succeda anche a diversi altri candidati.<\/div>\n<div style=\"text-align: justify;\">La sola possibilit\u00e0 di raggiungere una posizione di potere, \u00a0turba.<\/div>\n<div style=\"text-align: justify;\">Ciascuno di noi si sta confrontando con un demone.<\/div>\n<div style=\"text-align: justify;\">Lo stesso demone che noi combattiamo e contro il quale, almeno io, ma credo tutti noi abbiamo costruito questa lista.<\/div>\n<div style=\"text-align: justify;\">Il demone del potere e l&#8217;uso che puoi farne a tuo vantaggio, piuttosto che a vantaggio di chi te lo ha delegato.<\/div>\n<div style=\"text-align: justify;\">E&#8217; normale, e bello, che nella Rete ci siano diverse anime.<\/div>\n<div style=\"text-align: justify;\">Ci sono i singoli alla ricerca di un nuovo strumento non ancora compromesso con i giochi della casta, dove realizzare il proprio bisogno partecipativo senza sentirsi ingabbiato e strumentalizzato. Ognuno poi con la sua istanza particolare.<\/div>\n<div style=\"text-align: justify;\">Ci sono coloro i quali, come me, avevano gi\u00e0 un riferimento politico preciso, con ideali e obiettivi anche ben definiti, che hanno visto che era necessario raggiungere una dimensione di coordinamento stretto in un progetto comune con altri gruppi altrettanto definiti e distinti ma con i quali c&#8217;erano evidenti sinergie.<\/div>\n<div style=\"text-align: justify;\">C&#8217;\u00e8 chi ha portato l&#8217;anima del rispetto per l&#8217;ambiente, C&#8217;\u00e8 chi ha portato il bisogno della sovranit\u00e0 territoriale e il diritto di riconoscersi come espressione di una storia, di un territorio. C&#8217;\u00e8 chi ha portato l&#8217;anima del desiderio di rinnovare il patto con le istituzioni nella direzione etica. Chi la bellezza e la gioia di lavorare per il bene comune.<\/div>\n<div style=\"text-align: justify;\">Io, insieme agli altri democratici diretti, ho portato quella che, senza ipocrisia, \u00a0ritengo sia la sola novit\u00e0 vera:<em> uno strumento e una metodologia per il controllo del rappresentante<\/em> ispirato ai principi della partecipazione democratica diretta e della revocabilit\u00e0 del mandato. L&#8217;art.15 del nostro statuto. L&#8217;impegno dei candidati a rispettarlo e la lettera di dimissioni in bianco. Oltre al contributo alla costruzione de programma nella parte che riguarda l&#8217;introduzione degli strumenti partecipativi e di controllo, come il referendum deliberativo.<\/div>\n<div style=\"text-align: justify;\">Voglio dire che nella Rete, nessuno ha perso la propria individualit\u00e0 e le proprie idee. E meno male. E comunque \u00e8 cos\u00ec.<\/div>\n<div style=\"text-align: justify;\"><a href=\"http:\/\/www.pinostrano.it\/blog\/wp-content\/uploads\/2010\/03\/SimboloDD_classic_3D10.gif\"><img loading=\"lazy\" decoding=\"async\" class=\"alignright size-full wp-image-503\" title=\"SimboloDD_classic_3D10\" src=\"http:\/\/www.pinostrano.it\/blog\/wp-content\/uploads\/2010\/03\/SimboloDD_classic_3D10.gif\" alt=\"\" hspace=\"10\" vspace=\"10\" width=\"251\" height=\"251\" srcset=\"https:\/\/www.pinostrano.it\/blog\/wp-content\/uploads\/2010\/03\/SimboloDD_classic_3D10.gif 251w, https:\/\/www.pinostrano.it\/blog\/wp-content\/uploads\/2010\/03\/SimboloDD_classic_3D10-150x150.gif 150w\" sizes=\"auto, (max-width: 251px) 100vw, 251px\" \/><\/a><\/div>\n<div style=\"text-align: justify;\">Come candidato della Rete, in questo schifo di sistema rappresentativo devo cercare voti i quali arrivano anche anche come consenso alla persona.<\/div>\n<div style=\"text-align: justify;\">Come candidato espressione dei Democratici Diretti lo devo cercare anche come sostegno politico, che rafforzi l&#8217;anima democratica diretta della Rete, che non \u00e8 cos\u00ec scontata. Non ancora, almeno.<\/div>\n<div style=\"text-align: justify;\">Ma, per me come essere umano, e come democratico diretto, questo dovere di pormi anche in una posizione di ricerca di consenso da fare per\u00f2 convergere sulla mia persona mi pone di fronte \u00a0alla contraddizione tra assunzione di ruolo individuale e necessit\u00e0 che questo ruolo sia solo strumento.<\/div>\n<div style=\"text-align: justify;\">Non vorrei parlare anche per gli altri, anche se credo che pure molti di loro \u00a0subiscano la stessa dinamica. Non tutti, forse ne sono consapevoli o la temono; addirittura qualcuno forse la cercava. Siamo esseri umani e non santi. Ma Io ho sentito dentro di me, mordere il demone del potere.<\/div>\n<div style=\"text-align: justify;\">E ho visto anche i miei amici diventare un p\u00f2 diversi. Talvolta quelli che avevano la massima fiducia nella mia persona e nelle mie supposte qualit\u00e0 morali (oltre che intellettuali etc etc insomma di cui sentivo l&#8217;affetto prima ancora che la stima) li ho visti attraversati dall&#8217;ombra del dubbio, quasi del sospetto. E mi ha fatto male.<\/div>\n<div style=\"text-align: justify;\">Ho visto nei loro occhi la domanda: Ma non stai diventando anche tu come gli altri? Ma stai cercando affermazione personale o lavori per il gruppo?<\/div>\n<div style=\"text-align: justify;\">Mi fa male, per\u00f2 li capisco.<\/div>\n<div style=\"text-align: justify;\">Posso solo dire che c&#8217;\u00e8 questo rischio. E anche se mi fa male, sono contento che siano cos\u00ec sensibili a questo<\/div>\n<div style=\"text-align: justify;\">Combatto ogni giorno contro questa &#8220;tentazione&#8221;. Anzi forse certe mie espressioni, alcune incertezze, alcune mie difficolt\u00e0, (che credevo segrete al mio animo, ma evidentemente traspaiono, che non sono capace di nasconderle) vengono fuori proprio dalla mia difficolt\u00e0 di conciliare la ricerca del consenso personale e poltico, con la mia ripulsa del doverlo fare. Odio questa situazione.<\/div>\n<div style=\"text-align: justify;\"><a href=\"http:\/\/www.pinostrano.it\/blog\/wp-content\/uploads\/2010\/03\/santinoPino50.gif\"><img loading=\"lazy\" decoding=\"async\" class=\"alignleft size-full wp-image-502\" title=\"santinoPino50\" src=\"http:\/\/www.pinostrano.it\/blog\/wp-content\/uploads\/2010\/03\/santinoPino50.gif\" alt=\"\" hspace=\"10\" vspace=\"10\" width=\"349\" height=\"220\" srcset=\"https:\/\/www.pinostrano.it\/blog\/wp-content\/uploads\/2010\/03\/santinoPino50.gif 349w, https:\/\/www.pinostrano.it\/blog\/wp-content\/uploads\/2010\/03\/santinoPino50-300x189.gif 300w\" sizes=\"auto, (max-width: 349px) 100vw, 349px\" \/><\/a>Io non vorrei affatto cercarlo, ma <em>devo<\/em>. Devo distribuire i miei santini, devo parlare dei contenuti democratici diretti, devo appiccicare i miei manifesti, anche se invece vorrei solo dire &#8220;mandate a quel paese tutto e non votate nessuna persona&#8221;. Non votate nemmeno la Marzoli, perch\u00e8 non \u00e8 Marzoli o Pino Strano che dovete votare, ma la Rete e la sua proposta di rapporto nuovo tra rappresentante e cittadino!<\/div>\n<div style=\"text-align: justify;\">Per me il valore etico dei miei comportamenti, e il bisogno di coerenza sono tali che sono stato anche attraversato dal desiderio di lasciare perdere. Di liberarmi di questa tensione. Se fossi credente, questo sarebbe il momento di dire &#8220;Dio dammi la forza di continuare a confrontarmi col demonio e di non cedere&#8221;. E invece devo dire: \u00a0&#8220;Vota la Rete e vota l&#8217;anima democratica diretta. Vota me&#8221;.<\/div>\n<div style=\"text-align: justify;\">Questa notte mi metter\u00f2 il cilicio.<\/div>\n","protected":false},"excerpt":{"rendered":"<p>Da quando sono ufficialmente candidato al consiglio regionale per la Rete Dei Cittadini, dentro di me, qualcosa \u00e8 successo. E credo che la stessa cosa succeda anche a diversi altri candidati. La sola possibilit\u00e0 di raggiungere una posizione di potere, \u00a0turba. Ciascuno di noi si sta confrontando con un demone. Lo stesso demone che noi <a href='https:\/\/www.pinostrano.it\/blog\/il-demone-del-potere\/' class='excerpt-more'>[&#8230;]<\/a><\/p>\n","protected":false},"author":1,"featured_media":0,"comment_status":"open","ping_status":"open","sticky":false,"template":"","format":"standard","meta":{"footnotes":""},"categories":[40,4],"tags":[6,23,39],"class_list":["post-500","post","type-post","status-publish","format-standard","hentry","category-personale","category-politica","tag-democrazia-diretta","tag-potere","tag-rete-dei-cittadini","category-40-id","category-4-id","post-seq-1","post-parity-odd","meta-position-corners","fix"],"jetpack_featured_media_url":"","_links":{"self":[{"href":"https:\/\/www.pinostrano.it\/blog\/wp-json\/wp\/v2\/posts\/500","targetHints":{"allow":["GET"]}}],"collection":[{"href":"https:\/\/www.pinostrano.it\/blog\/wp-json\/wp\/v2\/posts"}],"about":[{"href":"https:\/\/www.pinostrano.it\/blog\/wp-json\/wp\/v2\/types\/post"}],"author":[{"embeddable":true,"href":"https:\/\/www.pinostrano.it\/blog\/wp-json\/wp\/v2\/users\/1"}],"replies":[{"embeddable":true,"href":"https:\/\/www.pinostrano.it\/blog\/wp-json\/wp\/v2\/comments?post=500"}],"version-history":[{"count":14,"href":"https:\/\/www.pinostrano.it\/blog\/wp-json\/wp\/v2\/posts\/500\/revisions"}],"predecessor-version":[{"id":507,"href":"https:\/\/www.pinostrano.it\/blog\/wp-json\/wp\/v2\/posts\/500\/revisions\/507"}],"wp:attachment":[{"href":"https:\/\/www.pinostrano.it\/blog\/wp-json\/wp\/v2\/media?parent=500"}],"wp:term":[{"taxonomy":"category","embeddable":true,"href":"https:\/\/www.pinostrano.it\/blog\/wp-json\/wp\/v2\/categories?post=500"},{"taxonomy":"post_tag","embeddable":true,"href":"https:\/\/www.pinostrano.it\/blog\/wp-json\/wp\/v2\/tags?post=500"}],"curies":[{"name":"wp","href":"https:\/\/api.w.org\/{rel}","templated":true}]}}