{"id":413,"date":"2010-03-05T15:00:57","date_gmt":"2010-03-05T13:00:57","guid":{"rendered":"http:\/\/www.pinostrano.it\/blog\/?p=413"},"modified":"2010-03-05T19:14:49","modified_gmt":"2010-03-05T17:14:49","slug":"la-rete-ce-e-non-abbiamo-bisogno-di-soluzioni","status":"publish","type":"post","link":"https:\/\/www.pinostrano.it\/blog\/la-rete-ce-e-non-abbiamo-bisogno-di-soluzioni\/","title":{"rendered":"La Rete C&#8217;\u00c8. &#8230;e non abbiamo bisogno di &#8220;soluzioni&#8221;."},"content":{"rendered":"<p style=\"text-align: justify;\">\n<div style=\"text-align: justify;\"><em> <\/em> <em>(ANSA) &#8211; ROMA, 5 MAR &#8211; Il ministro La Russa conferma che nel pomeriggio, alle 18, si terra&#8217; il Cdm per dare una soluzione all&#8217;esclusione di alcune liste del Pdl. Il ministro si e&#8217; mostrato possibilista sul fatto che la scelta possa cadere alla fine su un decreto interpretativo. &#8216;Stiamo lavorando per trovare una soluzione&#8217;, ha spiegato La Russa, precisando che, pur non tenendoli lui in prima persona, &#8216;i contatti con il Quirinale sono ancora in corso&#8217;.<\/em><\/div>\n<p style=\"text-align: justify;\">\u00c8 una vergogna.<\/p>\n<p style=\"text-align: justify;\">\n<div id=\"attachment_438\" style=\"width: 320px\" class=\"wp-caption alignright\"><a href=\"http:\/\/www.pinostrano.it\/blog\/wp-content\/uploads\/2010\/03\/soluzione.jpg\"><img loading=\"lazy\" decoding=\"async\" aria-describedby=\"caption-attachment-438\" class=\"size-full wp-image-438\" title=\"soluzione\" src=\"http:\/\/www.pinostrano.it\/blog\/wp-content\/uploads\/2010\/03\/soluzione.jpg\" alt=\"\" width=\"310\" height=\"380\" srcset=\"https:\/\/www.pinostrano.it\/blog\/wp-content\/uploads\/2010\/03\/soluzione.jpg 310w, https:\/\/www.pinostrano.it\/blog\/wp-content\/uploads\/2010\/03\/soluzione-244x300.jpg 244w\" sizes=\"auto, (max-width: 310px) 100vw, 310px\" \/><\/a><p id=\"caption-attachment-438\" class=\"wp-caption-text\">LA SOLUZIONE FINALE<\/p><\/div>\n<p style=\"text-align: justify;\">La casta dei partiti discute di come trovare una &#8220;soluzione&#8221; al problema delle liste. Una soluzione? Che cosa si sta spacciando per soluzione? E quale sarebbe il &#8220;problema&#8221;?<\/p>\n<p style=\"text-align: justify;\">Il <em>problema<\/em> sarebbe l&#8217;esistenza di una LEGGE dello stato, che se la Costituzione vale ancora qualcosa, dovrebbe valere per tutti. La legge dice che c&#8217;\u00e8 un orario limite oltre il quale le liste non sono pi\u00f9 accettate. Punto. Quella legge non va bene? La cambiassero, ma non adesso. Non adesso solo perch\u00e8 uno dei gruppi oligarchici al potere in italia, per ragioni interne e di propria incapacit\u00e0 ha sbagliato e non ha rispettato la legge.! (Toh, mi pare di averla gi\u00e0 sentita questa).<\/p>\n<p style=\"text-align: justify;\">Ora, si vuole &#8220;sanare&#8221; questa incresciosa situazione (incresciosa?, \u00e8 solo figlia delle contraddizioni prodotte dentro quel partito di litigiosi e bavosi per il potere).\u00a0 Se il PDL non \u00e8 capace di presentare secondo la legge le proprie liste, forse \u00e8 meglio che gli italiani non lo votino proprio. <a href=\"http:\/\/www.pinostrano.it\/blog\/wp-content\/uploads\/2010\/02\/RETE-DEI-CITTADINI-220.gif\"><img loading=\"lazy\" decoding=\"async\" class=\"alignleft size-thumbnail wp-image-333\" title=\"RETE DEI CITTADINI-220\" src=\"http:\/\/www.pinostrano.it\/blog\/wp-content\/uploads\/2010\/02\/RETE-DEI-CITTADINI-220-150x150.gif\" alt=\"\" width=\"150\" height=\"150\" \/><\/a>Perch\u00e8 &#8220;sanando&#8221; (toh, sanare, sanatoria,&#8230;.altri termini che mi suonano noti in questa povera Italia) l&#8217;irregolarit\u00e0 del PDL, si ledono i diritti di chi invece \u00e8 in regola e non ha bisogno di &#8220;sanare&#8221;. Noi siamo gi\u00e0 sani. Chiss\u00e0, forse \u00e8 proprio questo il problema.<\/p>\n","protected":false},"excerpt":{"rendered":"<p>(ANSA) &#8211; ROMA, 5 MAR &#8211; Il ministro La Russa conferma che nel pomeriggio, alle 18, si terra&#8217; il Cdm per dare una soluzione all&#8217;esclusione di alcune liste del Pdl. Il ministro si e&#8217; mostrato possibilista sul fatto che la scelta possa cadere alla fine su un decreto interpretativo. &#8216;Stiamo lavorando per trovare una soluzione&#8217;, <a href='https:\/\/www.pinostrano.it\/blog\/la-rete-ce-e-non-abbiamo-bisogno-di-soluzioni\/' class='excerpt-more'>[&#8230;]<\/a><\/p>\n","protected":false},"author":1,"featured_media":0,"comment_status":"open","ping_status":"open","sticky":false,"template":"","format":"standard","meta":{"footnotes":""},"categories":[4],"tags":[19,30,39],"class_list":["post-413","post","type-post","status-publish","format-standard","hentry","category-politica","tag-democrazia","tag-elezioni-regionali-lazio","tag-rete-dei-cittadini","category-4-id","post-seq-1","post-parity-odd","meta-position-corners","fix"],"jetpack_featured_media_url":"","_links":{"self":[{"href":"https:\/\/www.pinostrano.it\/blog\/wp-json\/wp\/v2\/posts\/413","targetHints":{"allow":["GET"]}}],"collection":[{"href":"https:\/\/www.pinostrano.it\/blog\/wp-json\/wp\/v2\/posts"}],"about":[{"href":"https:\/\/www.pinostrano.it\/blog\/wp-json\/wp\/v2\/types\/post"}],"author":[{"embeddable":true,"href":"https:\/\/www.pinostrano.it\/blog\/wp-json\/wp\/v2\/users\/1"}],"replies":[{"embeddable":true,"href":"https:\/\/www.pinostrano.it\/blog\/wp-json\/wp\/v2\/comments?post=413"}],"version-history":[{"count":17,"href":"https:\/\/www.pinostrano.it\/blog\/wp-json\/wp\/v2\/posts\/413\/revisions"}],"predecessor-version":[{"id":450,"href":"https:\/\/www.pinostrano.it\/blog\/wp-json\/wp\/v2\/posts\/413\/revisions\/450"}],"wp:attachment":[{"href":"https:\/\/www.pinostrano.it\/blog\/wp-json\/wp\/v2\/media?parent=413"}],"wp:term":[{"taxonomy":"category","embeddable":true,"href":"https:\/\/www.pinostrano.it\/blog\/wp-json\/wp\/v2\/categories?post=413"},{"taxonomy":"post_tag","embeddable":true,"href":"https:\/\/www.pinostrano.it\/blog\/wp-json\/wp\/v2\/tags?post=413"}],"curies":[{"name":"wp","href":"https:\/\/api.w.org\/{rel}","templated":true}]}}