{"id":225,"date":"2010-02-23T01:02:59","date_gmt":"2010-02-22T23:02:59","guid":{"rendered":"http:\/\/www.pinostrano.it\/blog\/?p=225"},"modified":"2010-02-27T00:03:41","modified_gmt":"2010-02-26T22:03:41","slug":"la-faccia-come-il-culo-ovvero-cerano-una-volta-i-radicali","status":"publish","type":"post","link":"https:\/\/www.pinostrano.it\/blog\/la-faccia-come-il-culo-ovvero-cerano-una-volta-i-radicali\/","title":{"rendered":"C&#8217;erano una volta i radicali&#8230;"},"content":{"rendered":"<p style=\"text-align: justify;\"><img loading=\"lazy\" decoding=\"async\" class=\"alignleft size-full wp-image-227\" title=\"bonino2\" src=\"http:\/\/www.pinostrano.it\/blog\/wp-content\/uploads\/2010\/02\/bonino2.jpg\" alt=\"bonino2\" width=\"225\" height=\"180\" \/>Non c&#8217;\u00e8 limite alla spudoratezza. Ma andiamo con ordine. Bonino fa lo sciopero della sete e della fame dicendo \u00a0\u00a0<em>&#8220;Chiediamo al governo di intervenire per dotare i cittadini di strumenti che non creino discriminazione&#8221;.<\/em><\/p>\n<p style=\"text-align: justify;\"><em><\/em>O bellissimo , ma si.! Certo . evviva! \u00a0Finalmente!<\/p>\n<p style=\"text-align: justify;\">&#8220;<em>Questa \u00e8 la richiesta di <\/em><strong><em>Emma Bonino<\/em><\/strong><em>, candidata radicale alla presidenza della Regione Lazio, che ha annunciato oggi la volont\u00e0 di intraprendere uno sciopero della fame e della sete contro la mancanza di legalit\u00e0, democrazia e rispetto dei diritti in questa campagna elettorale.&#8221; <\/em><\/p>\n<p style=\"text-align: justify;\">Cos\u00ec nel<a href=\"http:\/\/www.agenziaradicale.com\/index.php?option=com_content&amp;task=view&amp;id=9795&amp;Itemid=53\">l&#8217;articolo di agenzia radicale<\/a>. La Bonino continua:<\/p>\n<p style=\"text-align: justify;\"><em>&#8220;Mi piacerebbe che questa volta <\/em><strong><em>non si parlasse di una &#8216;protesta&#8217;<\/em><\/strong><em>, ma di <\/em><strong><em>una costosissima iniziativa di speranza <\/em><\/strong><em>che continuer\u00e0 fino all&#8217;ultimo minuto disponibile con una iniziativa nonviolenta&#8221;<\/em><\/p>\n<p style=\"text-align: justify;\">&#8230; o bene benissimo, che brava e&#8230;vediamo per cosa?<\/p>\n<p style=\"text-align: justify;\">&#8220;&#8230;\u00a0<em>per far s\u00ec che vengano assicurate pari condizioni a tutte le liste che si presentano alle elezioni regionali<\/em> &#8230;&#8221;<\/p>\n<p style=\"text-align: justify;\">Evviva! \u00a0ma che nobilt\u00e0, fantastico, meno male che c&#8217;\u00e8 lei a difenderci&#8230; e vediamo come? cosa propone?<\/p>\n<p style=\"text-align: justify;\">&#8220;<em>che venga posto un argine alla situazione di vera e propria discriminazione delle liste radicali<\/em>&#8220;.<\/p>\n<p style=\"text-align: justify;\">&#8230;come delle liste radicali?&#8230;. non era per tutte le liste? ma &#8230;insomma , sar\u00e0 un lapsus, andiamo avanti, vediamo che cosa chiede la Bonino per difendere i diritti di tutte le liste?<\/p>\n<p style=\"text-align: justify;\"><em>&#8220;magari abolendo le firme quando un partito ha dei deputati in Parlamento, dimezzando il numero delle firme da raccogliere o allungando i tempi a disposizione come gi\u00e0 fatto in passato&#8221;.<\/em><\/p>\n<p style=\"text-align: justify;\">COME??? ABBIAMO CAPITO BENE?\u00a0 La prima ipotesi proposta dalla Bonino per eliminare la <span style=\"text-decoration: underline;\">discriminazione<\/span> sarebbe\u00a0<em><strong>&#8220;..magari abolendo le firme quando un partito ha dei deputati in Parlamento&#8230;&#8221; <\/strong><\/em><\/p>\n<p style=\"text-align: justify;\">Incredibile. Ma con quale coraggio si dicono queste cose? Con quale coraggio si accosta la peggiore di tutte le norme, quella che discrimina tra i partiti che sono gi\u00e0 in parlamento, da quelli che non ci sono, quella norma della legge definita porcata dal suo autore Calderoli, che \u00e8 una delle massime ingiustizie che mette su piani di diseguaglianza chi concorre alle elezioni, una norma che grida vendetta al cielo della democrazia e la si spaccia come una norma che ridurrebbe \u00a0la discriminazione???<\/p>\n<p style=\"text-align: justify;\">Non c&#8217;\u00e8 pi\u00f9 ritegno. Dove sta lo spirito radicale che proteggeva il diritto ad ogni costo? Crede che fare lo sciopero della sete per una ingiustizia la renda per questo pi\u00f9 nobile?<\/p>\n<p style=\"text-align: justify;\">Comunque state tranquilli che Bonino, \u00a0ha assicurato che \u00a0&#8220;<em>nel limite delle possibilit\u00e0 fisiche derivanti da uno sciopero della fame e della sete, rispetter\u00e0 tutti i suoi appuntamenti.<\/em>&#8221; . Se la soluzione per cui si batte \u00e8 quella di sostenere i diritti della casta ad autoriprodursi, mi auguro che schiatti di fame, di sete, di malaria, di sifilide,\u00a0di dissenteria,\u00a0&#8230;.<\/p>\n<p style=\"text-align: justify;\"><img loading=\"lazy\" decoding=\"async\" class=\"aligncenter size-full wp-image-234\" title=\"facciadaculo\" src=\"http:\/\/www.pinostrano.it\/blog\/wp-content\/uploads\/2010\/02\/facciadaculo.jpg\" alt=\"facciadaculo\" width=\"94\" height=\"114\" \/><\/p>\n","protected":false},"excerpt":{"rendered":"<p>La Bonino tenta di spacciare per provvedimenti contro la discriminazione di tutte le liste elettorali la proposta di eliminare l&#8217;obbligo della raccolta delle firme per quei partiti che hanno gi\u00e0 dei rappresentanti eletti in parlamento. Sar\u00e0 poco elegante, ma questa \u00e8 esattamente la definizione di &#8220;avere la faccia come il culo&#8221;. E ci fa pure lo sciopero della fame e della sete. Ma ci faccia il piacere&#8230;.<\/p>\n","protected":false},"author":1,"featured_media":0,"comment_status":"open","ping_status":"open","sticky":false,"template":"","format":"standard","meta":{"footnotes":""},"categories":[3],"tags":[32,33,34,35],"class_list":["post-225","post","type-post","status-publish","format-standard","hentry","category-generica","tag-bonino","tag-discriminazione","tag-elezioni-regionali","tag-lazio","category-3-id","post-seq-1","post-parity-odd","meta-position-corners","fix"],"jetpack_featured_media_url":"","_links":{"self":[{"href":"https:\/\/www.pinostrano.it\/blog\/wp-json\/wp\/v2\/posts\/225","targetHints":{"allow":["GET"]}}],"collection":[{"href":"https:\/\/www.pinostrano.it\/blog\/wp-json\/wp\/v2\/posts"}],"about":[{"href":"https:\/\/www.pinostrano.it\/blog\/wp-json\/wp\/v2\/types\/post"}],"author":[{"embeddable":true,"href":"https:\/\/www.pinostrano.it\/blog\/wp-json\/wp\/v2\/users\/1"}],"replies":[{"embeddable":true,"href":"https:\/\/www.pinostrano.it\/blog\/wp-json\/wp\/v2\/comments?post=225"}],"version-history":[{"count":14,"href":"https:\/\/www.pinostrano.it\/blog\/wp-json\/wp\/v2\/posts\/225\/revisions"}],"predecessor-version":[{"id":231,"href":"https:\/\/www.pinostrano.it\/blog\/wp-json\/wp\/v2\/posts\/225\/revisions\/231"}],"wp:attachment":[{"href":"https:\/\/www.pinostrano.it\/blog\/wp-json\/wp\/v2\/media?parent=225"}],"wp:term":[{"taxonomy":"category","embeddable":true,"href":"https:\/\/www.pinostrano.it\/blog\/wp-json\/wp\/v2\/categories?post=225"},{"taxonomy":"post_tag","embeddable":true,"href":"https:\/\/www.pinostrano.it\/blog\/wp-json\/wp\/v2\/tags?post=225"}],"curies":[{"name":"wp","href":"https:\/\/api.w.org\/{rel}","templated":true}]}}