{"id":1620,"date":"2023-12-29T15:42:12","date_gmt":"2023-12-29T13:42:12","guid":{"rendered":"https:\/\/www.pinostrano.it\/blog\/?p=1620"},"modified":"2023-12-29T18:02:24","modified_gmt":"2023-12-29T16:02:24","slug":"regionale-federale","status":"publish","type":"post","link":"https:\/\/www.pinostrano.it\/blog\/regionale-federale\/","title":{"rendered":"regionale-federale"},"content":{"rendered":"\n<p>Come si determinano i due ambiti?<br>Dal punto di vista federalista (parlo della ideologia-teoria-pensiero politico-filosofia federalista) per come l&#8217;ho capito io, questo viene determinato &#8220;contrattualmente&#8221;.<br>Io prima di cedere la mia sovranit\u00e0 personale, territoriale, eccettera, &#8220;contratto&#8221; i termini di questa cessione. L&#8217;avvertenza, se non si vuole divenire schiavi, \u00e8 di riservare per s\u00e8 la parte maggiore di queste sovranit\u00e0.<br>Nella pratica questo non \u00e8 molto semplice, e non spiega come si possano risolvere le comunque possibili divergenze di opinione che possono anche divenire conflitto esplicito.<br>Se non si chiarisce e specifica il metodo, allora il metodo sar\u00e0 quello di natura non regolamentato, dove tutto \u00e8 legittimo.<br>Anche nella mia prospettiva democratica radicale, diciamo democratica diretta, tutto parte da un contratto. Un contratto che stringo con chiunque accetti l&#8217;idea che abbiamo entrambi diritto a decidere delle sorti comuni. Faccio notare che questo significa anche che abbiamo entrambi diritto a decidere insieme di cosa sia &#8220;comune&#8221;.<br>Bene comune, sorti comuni, sono espressioni che non risolvono la soggettivit\u00e0 del concetto, ma solo esprimono il fatto che esiste una idea di bene comune, o sorte comune.<br>Nella mia concezione radicale di democrazia, anche cosa \u00e8 o non \u00e8 bene comune (o sorte comune), lo decidiamo insieme.<\/p>\n\n\n\n<p>Sorvolo sul rischio che questo tipo di contratto comporta. Il rischio della democrazia.<br>Qui mi interessa rispondere alla domanda &#8220;come si definiscono gli ambiti regionali e federali?&#8221;<br>Questo comprende problemi analoghi, come la differenza tra privato e pubblico, tra privacy e trasparenza e altri ancora.<br>La risposta alla domanda \u00e8 che quando qualcuno ritiene che un ambito della propria sfera (individuale, gruppale, regionale,&#8230;) sia da sottrarre al giudizio generale e da riservare invece ad un suo sottoambito (individuale, gruppale, regionale&#8230;), allora lo dichiara.<br>E si deve decidere su questo.<br>Ma chi decide?<br>La decisione non pu\u00f2 che essere di competenza del livello generale.<br>Se la decisione del livello generale \u00e8 contraria alla volont\u00e0 di quella sfera (individuale, gruppale, regionale&#8230;) si configura una rottura dei termini del contratto di cui sopra.<br>Quindi si star\u00e0 di fronte a un conflitto.<br>La democrazia, come non garantisce la presa di decisioni sempre soddisfacenti, similmente non pu\u00f2 garantire la soluzione dei conflitti.<br>In entrambi i casi c&#8217;\u00e8 solo la speranza che se tutti sono coinvolti e responsabili delle decisioni, i risultati siano i migliori possibili. Le altre opzioni non-democratiche, non solo anche esse non garantiscono nulla, ma anzi, incrementano la probabilit\u00e0 di un pi\u00f9 alto tasso di insoddisfazione e conflittualit\u00e0.<\/p>\n","protected":false},"excerpt":{"rendered":"<p>Come si determinano i due ambiti?Dal punto di vista federalista (parlo della ideologia-teoria-pensiero politico-filosofia federalista) per come l&#8217;ho capito io, questo viene determinato &#8220;contrattualmente&#8221;.Io prima di cedere la mia sovranit\u00e0 personale, territoriale, eccettera, &#8220;contratto&#8221; i termini di questa cessione. L&#8217;avvertenza, se non si vuole divenire schiavi, \u00e8 di riservare per s\u00e8 la parte maggiore di <a href='https:\/\/www.pinostrano.it\/blog\/regionale-federale\/' class='excerpt-more'>[&#8230;]<\/a><\/p>\n","protected":false},"author":1,"featured_media":0,"comment_status":"open","ping_status":"open","sticky":false,"template":"","format":"standard","meta":{"footnotes":""},"categories":[101],"tags":[19,6,29],"class_list":["post-1620","post","type-post","status-publish","format-standard","hentry","category-digressione","tag-democrazia","tag-democrazia-diretta","tag-federalismo","category-101-id","post-seq-1","post-parity-odd","meta-position-corners","fix"],"jetpack_featured_media_url":"","_links":{"self":[{"href":"https:\/\/www.pinostrano.it\/blog\/wp-json\/wp\/v2\/posts\/1620","targetHints":{"allow":["GET"]}}],"collection":[{"href":"https:\/\/www.pinostrano.it\/blog\/wp-json\/wp\/v2\/posts"}],"about":[{"href":"https:\/\/www.pinostrano.it\/blog\/wp-json\/wp\/v2\/types\/post"}],"author":[{"embeddable":true,"href":"https:\/\/www.pinostrano.it\/blog\/wp-json\/wp\/v2\/users\/1"}],"replies":[{"embeddable":true,"href":"https:\/\/www.pinostrano.it\/blog\/wp-json\/wp\/v2\/comments?post=1620"}],"version-history":[{"count":3,"href":"https:\/\/www.pinostrano.it\/blog\/wp-json\/wp\/v2\/posts\/1620\/revisions"}],"predecessor-version":[{"id":1623,"href":"https:\/\/www.pinostrano.it\/blog\/wp-json\/wp\/v2\/posts\/1620\/revisions\/1623"}],"wp:attachment":[{"href":"https:\/\/www.pinostrano.it\/blog\/wp-json\/wp\/v2\/media?parent=1620"}],"wp:term":[{"taxonomy":"category","embeddable":true,"href":"https:\/\/www.pinostrano.it\/blog\/wp-json\/wp\/v2\/categories?post=1620"},{"taxonomy":"post_tag","embeddable":true,"href":"https:\/\/www.pinostrano.it\/blog\/wp-json\/wp\/v2\/tags?post=1620"}],"curies":[{"name":"wp","href":"https:\/\/api.w.org\/{rel}","templated":true}]}}