{"id":1606,"date":"2023-12-18T22:28:54","date_gmt":"2023-12-18T20:28:54","guid":{"rendered":"https:\/\/www.pinostrano.it\/blog\/?p=1606"},"modified":"2023-12-18T22:39:34","modified_gmt":"2023-12-18T20:39:34","slug":"confiteor","status":"publish","type":"post","link":"https:\/\/www.pinostrano.it\/blog\/confiteor\/","title":{"rendered":"Confiteor."},"content":{"rendered":"\n<p>Confesso: non sono comunista. E neanche fascista. E neanche anarchico.<br>Confesso che ho detto tre bugie.<br>Sono un poco comunista. Il comunismo mi piace per questa idea che il proletariato dovrebbe avere il potere. Ammesso che il proletariato sia qualcosa vicino al concetto di &#8220;popolo&#8221;, cio\u00e8 di <em>intera<\/em> comuni\u00e0.<br>Sono un poco anche fascista. \u00c8 stata la mia prima idea politica. Mi piaceva il concetto di ordine, di precisione dei compiti e doveri. Mi piaceva l&#8217;idea di responsabilit\u00e0 individuale, di meritocrazia.<br>Tutte verit\u00e0 pi\u00f9 o meno parzialmente applicabili a comunismo e fascismo.<br>Ma sono anche piuttosto anarchico. Se non che bisogna fare i conti con l&#8217;idea che anarchia significhi confusione. Oppure totale libert\u00e0 di fare quello che ci pare. <br>La libert\u00e0 di scegliere dovrebbe essere, e in qualche modo \u00e8, totale. Vero.<br>Almeno tra le varie possibilit\u00e0 (le condizioni date) sono libero di fare, fottendomene delle eventuali conseguenze per gli altri o anche di usare gli altri. Una idea vicina all&#8217;arbitrio. Tuttavia \u00e8 cos\u00ec.<br>Io invece scelgo diversamente. Scelgo di inserire la varibile &#8220;altro da me&#8221;, anche pensando al loro benessere. <br>Pu\u00f2 sembrare ridicolo. E che ne so io del benessere dell&#8217;altro? Il &#8220;fai all&#8217;altro&#8221; ( o meglio non fare all&#8217;altro) ci\u00f2 che vorresti fosse fatto o non fatto, non mi dice quale sia il reale benessere dell&#8217;altro. Me lo dovrebbe dire lui. Dire. <br>Esprimere.<br>Il diritto ad esprimere<br>Io posso non sapere esattamente come, attraverso quali vie, ma la comunicazione dipende anche da chi ascolta. Per questo l&#8217;ascolto, o pi\u00f9 in particolare, il rispetto dell&#8217;altro (idealmente come fosse me stesso), \u00e8 una categoria politica.<br>Andrebbe ricercata. <br>Questo \u00e8, per me, &#8220;Scelgo Io!&#8221;. Il tentativo di costruire una organizzazione politica fondata comprendendo  quella categoria.<br>L&#8217;isegoria, la chiamo. Generalizzando il significato di &#8220;pari diritto di parola&#8221;, a &#8220;pari di dirtto di ascolto&#8221;, e poi anche a &#8220;pari diritto di espressione della volont\u00e0&#8221;, e &#8220;pari diritto ad agire&#8221;. Sono tutte forme di espressione, di comunicazione. Chiamatela come volete, si tratta del pari diritto di accesso ai canali attraverso cui si esercita il potere. <br>E a-narchia, non pu\u00f2 significare senza &#8220;potere&#8221;, come ahim\u00e8 circola in giro. Il potere \u00e8 il punto.<br>Esso esiste. Noi stessi siamo una qualche forma di accumulo di potere.<br>Il processo di accumulazione del potere \u00e8 un processo che esso stesso genera nuovo potere o nuove possibilit\u00e0 di uso del potere.<br>Cosa farne, come concretamente usarlo, chi ha concretamente pi\u00f9 o meno potere. Sono le domande.<br>Il potere, \u00e8 il punto.<br>Se devo affibbiarmi una ideologia mi affibbio quella di democratico. Come tale, l&#8217;idea della democrazia non pu\u00f2 che essere federalista. Non tutti i federalismi sono democratici, ma la democrazia se vuole essere tale, deve anche essere federalista. C&#8217;\u00e8 un patto al fondo di ogni democrazia.<br>Un patto che \u00e8 esplicitato spesso in forma di statuti, o costituzioni, ma che di fatto dovrebbe essere un patto individualmente ed esplicitamente accettato dai membri della comunit\u00e0\/federazione.<br>Lo stesso vale per il sovranismo. Si pu\u00f2 essere sovranisti senza essere democratici. Ma se sei democratico, non puoi che essere sovranista. Non c&#8217;\u00e8 democrazia senza sovranit\u00e0.<br>Ci sono organizzazioni democratiche che sono cos\u00ec? Federaliste e Sovraniste?<br>Io ne conosco una sola.<br>Basate su un contratto, esplicito.<br>Che pratichino la sovranit\u00e0 individuale nel governo della organizzazione stessa, oltre a predicarla nel governo l\u00e0 fuori.<br>Questo presupporrebbe anche almeno una discussione sulle forme del potere.<br>Qui dico solo: il potere \u00e8 uno. Le sue forme molteplici. <br><br><\/p>\n","protected":false},"excerpt":{"rendered":"<p>Confesso: non sono comunista. E neanche fascista. E neanche anarchico.Confesso che ho detto tre bugie.Sono un poco comunista. Il comunismo mi piace per questa idea che il proletariato dovrebbe avere il potere. Ammesso che il proletariato sia qualcosa vicino al concetto di &#8220;popolo&#8221;, cio\u00e8 di intera comuni\u00e0.Sono un poco anche fascista. \u00c8 stata la mia <a href='https:\/\/www.pinostrano.it\/blog\/confiteor\/' class='excerpt-more'>[&#8230;]<\/a><\/p>\n","protected":false},"author":1,"featured_media":0,"comment_status":"open","ping_status":"open","sticky":false,"template":"","format":"standard","meta":{"footnotes":""},"categories":[101],"tags":[103,19,6,104,29,48],"class_list":["post-1606","post","type-post","status-publish","format-standard","hentry","category-digressione","tag-comunismo","tag-democrazia","tag-democrazia-diretta","tag-fascismo","tag-federalismo","tag-sovranita","category-101-id","post-seq-1","post-parity-odd","meta-position-corners","fix"],"jetpack_featured_media_url":"","_links":{"self":[{"href":"https:\/\/www.pinostrano.it\/blog\/wp-json\/wp\/v2\/posts\/1606","targetHints":{"allow":["GET"]}}],"collection":[{"href":"https:\/\/www.pinostrano.it\/blog\/wp-json\/wp\/v2\/posts"}],"about":[{"href":"https:\/\/www.pinostrano.it\/blog\/wp-json\/wp\/v2\/types\/post"}],"author":[{"embeddable":true,"href":"https:\/\/www.pinostrano.it\/blog\/wp-json\/wp\/v2\/users\/1"}],"replies":[{"embeddable":true,"href":"https:\/\/www.pinostrano.it\/blog\/wp-json\/wp\/v2\/comments?post=1606"}],"version-history":[{"count":8,"href":"https:\/\/www.pinostrano.it\/blog\/wp-json\/wp\/v2\/posts\/1606\/revisions"}],"predecessor-version":[{"id":1618,"href":"https:\/\/www.pinostrano.it\/blog\/wp-json\/wp\/v2\/posts\/1606\/revisions\/1618"}],"wp:attachment":[{"href":"https:\/\/www.pinostrano.it\/blog\/wp-json\/wp\/v2\/media?parent=1606"}],"wp:term":[{"taxonomy":"category","embeddable":true,"href":"https:\/\/www.pinostrano.it\/blog\/wp-json\/wp\/v2\/categories?post=1606"},{"taxonomy":"post_tag","embeddable":true,"href":"https:\/\/www.pinostrano.it\/blog\/wp-json\/wp\/v2\/tags?post=1606"}],"curies":[{"name":"wp","href":"https:\/\/api.w.org\/{rel}","templated":true}]}}