{"id":1376,"date":"2018-09-28T19:27:26","date_gmt":"2018-09-28T17:27:26","guid":{"rendered":"http:\/\/www.pinostrano.it\/blog\/?p=1376"},"modified":"2018-09-28T19:28:34","modified_gmt":"2018-09-28T17:28:34","slug":"non-e-il-caso","status":"publish","type":"post","link":"https:\/\/www.pinostrano.it\/blog\/non-e-il-caso\/","title":{"rendered":"Non \u00e8 il caso"},"content":{"rendered":"<p>Il giornalismo di inchiesta, (o se volete la libert\u00e0 di ricerca di informazioni, la libert\u00e0 di parola &#8211; chiedere \u00e8 lecito rispondere \u00e8 cortesia), sui grandi med<span class=\"text_exposed_show\">ia \u00e8 praticamente morto. Ridotto a pochi esemplari dispersi mantenuti in vita per rallegrare lo zoo e intortare la plebe. Fuori dal main-stream ci sono gli animali rari, quasi sempre eroici, ma praticamente lottano mani nude contro i carri armati.<br \/>\nAdesso \u00e8 sorta l&#8217;Alba di FOA.<br \/>\nMi sembra di vedere la stessa scena di miseria e nobilt\u00e0, quando si presenta il cappotto come opportunit\u00e0, finalmente, di mangiare e con quello ci si vuole comprare tutto fino al sigaro dopo pranzo. Non \u00e8 il cappotto di Napoleone.<br \/>\nE la battaglia \u00e8 appena cominciata.<\/span><\/p>\n","protected":false},"excerpt":{"rendered":"<p>Il giornalismo di inchiesta, (o se volete la libert\u00e0 di ricerca di informazioni, la libert\u00e0 di parola &#8211; chiedere \u00e8 lecito rispondere \u00e8 cortesia), sui grandi media \u00e8 praticamente morto. Ridotto a pochi esemplari dispersi mantenuti in vita per rallegrare lo zoo e intortare la plebe. Fuori dal main-stream ci sono gli animali rari, quasi <a href='https:\/\/www.pinostrano.it\/blog\/non-e-il-caso\/' class='excerpt-more'>[&#8230;]<\/a><\/p>\n","protected":false},"author":1,"featured_media":0,"comment_status":"open","ping_status":"open","sticky":false,"template":"","format":"aside","meta":{"footnotes":""},"categories":[3],"tags":[92,93],"class_list":["post-1376","post","type-post","status-publish","format-aside","hentry","category-generica","tag-giornalismo","tag-liberta-di-stampa","post_format-post-format-aside","category-3-id","post-seq-1","post-parity-odd","no-title","meta-position-corners","fix"],"jetpack_featured_media_url":"","_links":{"self":[{"href":"https:\/\/www.pinostrano.it\/blog\/wp-json\/wp\/v2\/posts\/1376","targetHints":{"allow":["GET"]}}],"collection":[{"href":"https:\/\/www.pinostrano.it\/blog\/wp-json\/wp\/v2\/posts"}],"about":[{"href":"https:\/\/www.pinostrano.it\/blog\/wp-json\/wp\/v2\/types\/post"}],"author":[{"embeddable":true,"href":"https:\/\/www.pinostrano.it\/blog\/wp-json\/wp\/v2\/users\/1"}],"replies":[{"embeddable":true,"href":"https:\/\/www.pinostrano.it\/blog\/wp-json\/wp\/v2\/comments?post=1376"}],"version-history":[{"count":1,"href":"https:\/\/www.pinostrano.it\/blog\/wp-json\/wp\/v2\/posts\/1376\/revisions"}],"predecessor-version":[{"id":1377,"href":"https:\/\/www.pinostrano.it\/blog\/wp-json\/wp\/v2\/posts\/1376\/revisions\/1377"}],"wp:attachment":[{"href":"https:\/\/www.pinostrano.it\/blog\/wp-json\/wp\/v2\/media?parent=1376"}],"wp:term":[{"taxonomy":"category","embeddable":true,"href":"https:\/\/www.pinostrano.it\/blog\/wp-json\/wp\/v2\/categories?post=1376"},{"taxonomy":"post_tag","embeddable":true,"href":"https:\/\/www.pinostrano.it\/blog\/wp-json\/wp\/v2\/tags?post=1376"}],"curies":[{"name":"wp","href":"https:\/\/api.w.org\/{rel}","templated":true}]}}