{"id":1334,"date":"2017-10-03T20:35:58","date_gmt":"2017-10-03T18:35:58","guid":{"rendered":"http:\/\/www.pinostrano.it\/blog\/?p=1334"},"modified":"2017-11-06T22:03:42","modified_gmt":"2017-11-06T20:03:42","slug":"rompicapo","status":"publish","type":"post","link":"https:\/\/www.pinostrano.it\/blog\/rompicapo\/","title":{"rendered":"Rompicapo."},"content":{"rendered":"<div data-contents=\"true\">\n<div class=\"\" data-block=\"true\" data-editor=\"d8vip\" data-offset-key=\"bbcmp-0-0\">\n<div class=\"_1mf _1mj\" data-offset-key=\"bbcmp-0-0\"><span data-offset-key=\"bbcmp-0-0\">Sono stanco.<\/span><\/div>\n<\/div>\n<div class=\"\" data-block=\"true\" data-editor=\"d8vip\" data-offset-key=\"doiu5-0-0\">\n<div class=\"_1mf _1mj\" data-offset-key=\"doiu5-0-0\"><span data-offset-key=\"doiu5-0-0\">L&#8217;arte della politica sembra impraticabile. Dico la politica che preveda l&#8217;affermarsi del principio della sovranit\u00e0 individuale[<a href=\"http:\/\/www.pinostrano.it\/blog\/rompicapo\/\">1<\/a>].<\/span><\/div>\n<\/div>\n<div class=\"\" data-block=\"true\" data-editor=\"d8vip\" data-offset-key=\"sg6d-0-0\">\n<div data-offset-key=\"sg6d-0-0\">&nbsp;<\/div>\n<div class=\"_1mf _1mj\" data-offset-key=\"sg6d-0-0\"><em>Mi spiego.<br data-text=\"true\"><\/em><\/div>\n<\/div>\n<div class=\"\" data-block=\"true\" data-editor=\"d8vip\" data-offset-key=\"2gilq-0-0\">\n<div class=\"_1mf _1mj\" data-offset-key=\"2gilq-0-0\"><em>Io sento la mia sovranit\u00e0 individuale (o quello su cui mi illudo di avere o dovrei avere sovranit\u00e0) gravemente e sempre crescentemente, offesa e impedita. E, ci\u00f2 che \u00e8 inaccettabile, \u00e8 che questo viene fatto a vantaggio di una ristretta minoranza.<\/em><\/div>\n<\/div>\n<div class=\"\" data-block=\"true\" data-editor=\"d8vip\" data-offset-key=\"b17o2-0-0\">\n<div class=\"_1mf _1mj\" data-offset-key=\"b17o2-0-0\"><span data-offset-key=\"b17o2-0-0\"><span data-offset-key=\"b17o2-0-0\"><br \/>\n<em>Ma ormai \u00e8 chiaro che non \u00e8 un problema di intelligenza.<\/em><br \/>\n<em>Fattori non solo razionali (o materiali, o emotivi, o affettivi e altri non riducibili fattori) condizionano qualsiasi azione politica. <\/em><br \/>\n<em>Di conseguenza \u00e8 difficile essere coerenti. Anche per i &#8220;migliori&#8221; di noi.In qualche caso pu\u00f2 essere impossibile. \u00c8 difficile affermare il pi\u00f9 astratto degli obiettivi: l&#8217;affermazione della uguale sovranit\u00e0 di ciascuno di noi.<\/em><br \/>\n<em>Eppure \u00e8 da questo che dipende il vero salto, il vero cambiamento.<\/em><\/span><\/span>Chi \u00e8 disposto a fare questo, mi contatti. Vorrei discutere di questo.<\/div>\n<\/div>\n<div class=\"\" data-block=\"true\" data-editor=\"d8vip\" data-offset-key=\"bb5le-0-0\">\n<div class=\"_1mf _1mj\" data-offset-key=\"bb5le-0-0\"><span data-offset-key=\"bb5le-0-0\">&nbsp;<\/span><\/div>\n<h5 data-offset-key=\"bb5le-0-0\"><em>1] Per inciso lo sviluppo che seguo \u00e8:&nbsp; Sovranit\u00e0 -&gt; Federazione -&gt; Democrazia.<\/em><span data-offset-key=\"bb5le-0-0\"><br \/>\n<em>Condizione necessaria perch\u00e8 ci possa essere un contratto, (cio\u00e8 un patto tra contraenti), \u00e8 che i contraenti abbiano potest\u00e0 (sovranit\u00e0) su quello su cui stipulano il contratto. <\/em><br \/>\n<em>Quindi, senza sovranit\u00e0, nessun federalismo \u00e8 possibile.<\/em><br \/>\n<em>Lo stesso vale per la democrazia.<\/em><\/span><\/h5>\n<p><em>Ci possono essere federazioni non democratiche? <\/em><br \/>\n<em>Se si usa la metafora del contratto come guida&#8230; s\u00ec, ci possono essere federazioni non democratiche.<\/em><br \/>\n<em>Ma non ci possono essere democrazie non federaliste.<\/em><br \/>\n<em>Perch\u00e8 la democrazia prescrive per definizione che i sovrani che stipulano il contratto godano dell&#8217;isegoria. Cio\u00e8 c&#8217;\u00e8 la democrazia, se c&#8217;\u00e8 la pari sovranit\u00e0 politica dei contraenti il patto. <\/em><br \/>\n<em>La democrazia \u00e9 solo una delle forme possibili di federalismo. <\/em><\/p>\n<p><em>La sovranit\u00e0 monetaria&nbsp;\u00e8 di per s\u00e8 democratica?<\/em><br \/>\n<em>La sovranit\u00e0 monetaria non esaurisce tutte le forme di sovranit\u00e0. La sovranit\u00e0 monetaria \u00e8 solo uno degli attributi, delle forme, della sovranit\u00e0. Epoche e latitudini diverse hanno visto diverse importanza dellle diverse forme. <\/em><br \/>\n<em>L&#8217;aspetto fondamentale di questa sovranit\u00e0 \u00e8 il diritto a creare moneta. E, quindi, la sua propriet\u00e0.<\/em><br \/>\n<em>Auriti non affermava soltanto il rifiuto della propriet\u00e0 privata della moneta emessa a debito, ma anche affermava il diritto alla propriet\u00e0 popolare della moneta. Perch\u00e8 \u00e8 essenziale dire CHI \u00e8 il sovrano (il proprietario) della moneta.<\/em><br \/>\n<em>Ma in s\u00e8, la propriet\u00e0 potrebbe essere pubblica, senza essere sotto la sovranit\u00e0 dei singoli.<\/em><\/p>\n<p><em>Come ogni altra <strong>forma<\/strong> di sovranit\u00e0, essa pu\u00f2 essere gestita in molti modi, ma se deve essere del popolo, allora il popolo deve avere sempre l&#8217;ultima parola. Altrimenti non \u00e8 pi\u00f9 il suo proprietario. Il metodo che garantisce meglio questo \u00e8 il metodo democratico. Il diritto a esercitare uguale potere di governo sulla moneta che \u00e8 ugualmente di tutti.<\/em><br \/>\n<em>Quindi la sovranit\u00e0 monetaria (almeno nelle aspirazioni di Auriti) \u00e8 implicita alla democrazia. Ma non viceversa. (Almeno teoricamente possono esistere sistemi democratici che non esercitano la sovranit\u00e0 monetaria. Ovviamente nei sistemi politici concreti applicati agli stati difficilmente la democrazia pu\u00f2 sopravvivere senza tale forma di sovranit\u00e0).<\/em><br \/>\n<em>Direi che discorsi analoghi si possono fare per tutte le diverse <strong>forme<\/strong> che pu\u00f2 assumere il potere e la sovranit\u00e0 su di esso.<\/em><\/p>\n<\/div>\n<div class=\"\" data-block=\"true\" data-editor=\"d8vip\" data-offset-key=\"9g95j-0-0\">&nbsp;<\/div>\n<div class=\"\" data-block=\"true\" data-editor=\"d8vip\" data-offset-key=\"3srm5-0-0\">&nbsp;<\/div>\n<\/div>\n","protected":false},"excerpt":{"rendered":"<p>Sono stanco. L&#8217;arte della politica sembra impraticabile. Dico la politica che preveda l&#8217;affermarsi del principio della sovranit\u00e0 individuale[1]. &nbsp; Mi spiego. Io sento la mia sovranit\u00e0 individuale (o quello su cui mi illudo di avere o dovrei avere sovranit\u00e0) gravemente e sempre crescentemente, offesa e impedita. E, ci\u00f2 che \u00e8 inaccettabile, \u00e8 che questo viene <a href='https:\/\/www.pinostrano.it\/blog\/rompicapo\/' class='excerpt-more'>[&#8230;]<\/a><\/p>\n","protected":false},"author":1,"featured_media":0,"comment_status":"open","ping_status":"open","sticky":false,"template":"","format":"standard","meta":{"footnotes":""},"categories":[3],"tags":[],"class_list":["post-1334","post","type-post","status-publish","format-standard","hentry","category-generica","category-3-id","post-seq-1","post-parity-odd","meta-position-corners","fix"],"jetpack_featured_media_url":"","_links":{"self":[{"href":"https:\/\/www.pinostrano.it\/blog\/wp-json\/wp\/v2\/posts\/1334","targetHints":{"allow":["GET"]}}],"collection":[{"href":"https:\/\/www.pinostrano.it\/blog\/wp-json\/wp\/v2\/posts"}],"about":[{"href":"https:\/\/www.pinostrano.it\/blog\/wp-json\/wp\/v2\/types\/post"}],"author":[{"embeddable":true,"href":"https:\/\/www.pinostrano.it\/blog\/wp-json\/wp\/v2\/users\/1"}],"replies":[{"embeddable":true,"href":"https:\/\/www.pinostrano.it\/blog\/wp-json\/wp\/v2\/comments?post=1334"}],"version-history":[{"count":4,"href":"https:\/\/www.pinostrano.it\/blog\/wp-json\/wp\/v2\/posts\/1334\/revisions"}],"predecessor-version":[{"id":1346,"href":"https:\/\/www.pinostrano.it\/blog\/wp-json\/wp\/v2\/posts\/1334\/revisions\/1346"}],"wp:attachment":[{"href":"https:\/\/www.pinostrano.it\/blog\/wp-json\/wp\/v2\/media?parent=1334"}],"wp:term":[{"taxonomy":"category","embeddable":true,"href":"https:\/\/www.pinostrano.it\/blog\/wp-json\/wp\/v2\/categories?post=1334"},{"taxonomy":"post_tag","embeddable":true,"href":"https:\/\/www.pinostrano.it\/blog\/wp-json\/wp\/v2\/tags?post=1334"}],"curies":[{"name":"wp","href":"https:\/\/api.w.org\/{rel}","templated":true}]}}