{"id":1124,"date":"2013-02-03T22:45:45","date_gmt":"2013-02-03T20:45:45","guid":{"rendered":"http:\/\/www.pinostrano.it\/blog\/?p=1124"},"modified":"2013-02-04T22:46:21","modified_gmt":"2013-02-04T20:46:21","slug":"la-quiete-prima-della-tempesta","status":"publish","type":"post","link":"https:\/\/www.pinostrano.it\/blog\/la-quiete-prima-della-tempesta\/","title":{"rendered":"La quiete prima della tempesta."},"content":{"rendered":"<p>Diario elettorale. 03.02.13.<\/p>\n<p>Finalmente ho due secondi per scrivere sul mio diario elettorale. Comincio a non stare pi\u00f9 appresso a tutte le cose. Il 31 ho fatto una intervista con Radio Globo. Al pomeriggio intervista con un blogger a me quasi sconosciuto, ma che si rivela quasi un fratello, che gestisce financialpolis. Quello di Radio Globo mi ha fatto belle domande, bel ritmo, veloce ma non strozzante. L&#8217;ultima domanda: &#8220;Quali canzoni hanno segnato la sua vita?&#8221; (o qualcosa del genere). Ho risposto: quelle che possono dire qualcosa di me potrebbero essere: Psycho Killer dei Talking Heads (era una cover che facevamo col mio gruppo quando -bei tempi- suonavo), La libert\u00e0 di Gaber, e Oceano di silenzio di Battiato.<br \/>\nEcco, vorrei spegnere tutto e ascoltarla. Anzi, ora lo faccio.<br \/>\nStacco quasi tutto, anche se non posso rinunciare al telefono. Sembra che lo sappiano. Passo ore a rispondere.<\/p>\n<p>Sabato e domenica finalmente riesco a stare un p\u00f2 coi miei figli. Anche se con un occhio al pc e un orecchio al cellulare. Per\u00f2 va bene cos\u00ec solo che il grande ha male all&#8217;orecchio. Va avanti cos\u00ec da una settimana, anche se sabato sta un po meglio e va a scuola.<br \/>\nLa domenica pomeriggio li riaccompagno dalla mamma. E il pomeriggio \u00e8 dedicato al&#8230; look.<br \/>\nCi sono state un po di discussioni interessanti su questo. On line e di gruppo. Cravatta si cravatta no. Cosa siamo, cosa vogliamo comunicare, a chi. Siamo piccoli ma vogliamo diventare grandi e sappiamo che esistono regole nella comunicazione che bisogna saper usare anche e specie nei media ingessati. Rompere i clich\u00e8 senza sembrare inaffidabili, rappresentare il cambiamento vero che \u00e8 non solo distruzione, ma nuova costruzione, mostrare la nostra capacit\u00e0 di essere diversi e uniti, la demcorazia non \u00e8 omologazione ma \u00e8 rispetto degli altri e delle regole&#8230;e via cos\u00ec. Comunque sia l&#8217;intelligenza collettiva \u00e8 al lavoro. E io sento che stasera \u00e8 una delle ultime sere tranquille prima della tempesta . Domani lunedi, radio popolare e Telesole, pi\u00f9 il solito turbinio di email, telefonate, ecc.<\/p>\n","protected":false},"excerpt":{"rendered":"<p>Diario elettorale. 03.02.13. Finalmente ho due secondi per scrivere sul mio diario elettorale. Comincio a non stare pi\u00f9 appresso a tutte le cose. Il 31 ho fatto una intervista con Radio Globo. Al pomeriggio intervista con un blogger a me quasi sconosciuto, ma che si rivela quasi un fratello, che gestisce financialpolis. Quello di Radio <a href='https:\/\/www.pinostrano.it\/blog\/la-quiete-prima-della-tempesta\/' class='excerpt-more'>[&#8230;]<\/a><\/p>\n","protected":false},"author":1,"featured_media":0,"comment_status":"open","ping_status":"open","sticky":false,"template":"","format":"standard","meta":{"footnotes":""},"categories":[77,3,4],"tags":[],"class_list":["post-1124","post","type-post","status-publish","format-standard","hentry","category-diario-elettorale","category-generica","category-politica","category-77-id","category-3-id","category-4-id","post-seq-1","post-parity-odd","meta-position-corners","fix"],"jetpack_featured_media_url":"","_links":{"self":[{"href":"https:\/\/www.pinostrano.it\/blog\/wp-json\/wp\/v2\/posts\/1124","targetHints":{"allow":["GET"]}}],"collection":[{"href":"https:\/\/www.pinostrano.it\/blog\/wp-json\/wp\/v2\/posts"}],"about":[{"href":"https:\/\/www.pinostrano.it\/blog\/wp-json\/wp\/v2\/types\/post"}],"author":[{"embeddable":true,"href":"https:\/\/www.pinostrano.it\/blog\/wp-json\/wp\/v2\/users\/1"}],"replies":[{"embeddable":true,"href":"https:\/\/www.pinostrano.it\/blog\/wp-json\/wp\/v2\/comments?post=1124"}],"version-history":[{"count":5,"href":"https:\/\/www.pinostrano.it\/blog\/wp-json\/wp\/v2\/posts\/1124\/revisions"}],"predecessor-version":[{"id":1152,"href":"https:\/\/www.pinostrano.it\/blog\/wp-json\/wp\/v2\/posts\/1124\/revisions\/1152"}],"wp:attachment":[{"href":"https:\/\/www.pinostrano.it\/blog\/wp-json\/wp\/v2\/media?parent=1124"}],"wp:term":[{"taxonomy":"category","embeddable":true,"href":"https:\/\/www.pinostrano.it\/blog\/wp-json\/wp\/v2\/categories?post=1124"},{"taxonomy":"post_tag","embeddable":true,"href":"https:\/\/www.pinostrano.it\/blog\/wp-json\/wp\/v2\/tags?post=1124"}],"curies":[{"name":"wp","href":"https:\/\/api.w.org\/{rel}","templated":true}]}}